{"id":63849,"date":"2025-10-25T22:15:34","date_gmt":"2025-10-25T19:15:34","guid":{"rendered":"https:\/\/www.egemtv.com\/?p=63849"},"modified":"2025-10-25T22:15:36","modified_gmt":"2025-10-25T19:15:36","slug":"dereler-yillar-sonra-yeniden-suya-kavustu","status":"publish","type":"post","link":"https:\/\/www.egemtv.com\/?p=63849","title":{"rendered":"Dereler y\u0131llar sonra yeniden suya kavu\u015ftu"},"content":{"rendered":"<p>Manisa\u2019n\u0131n Sar\u0131g\u00f6l il\u00e7esinde uzun s\u00fcredir kurakl\u0131k nedeniyle kuruyan dereler, son g\u00fcnlerde etkili olan ya\u011f\u0131\u015flarla yeniden akmaya ba\u015flad\u0131.<br \/>\n<br \/>Sar\u0131g\u00f6l ve \u00e7evresinde etkili olan bereketli ya\u011fmurlar, hem barajlardaki su seviyesini y\u00fckseltti hem de y\u0131llard\u0131r kuru olan dereleri yeniden canland\u0131rd\u0131. \u0130l\u00e7eye ba\u011fl\u0131 Yenik\u00f6y Mahallesi\u2019nden ge\u00e7en Teknecik Deresi\u2019nde de uzun bir aradan sonra su akmaya ba\u015flad\u0131\u011f\u0131 g\u00f6r\u00fcld\u00fc.<br \/>\n<br \/>Yeniden canlanan dere, b\u00f6lgedeki \u00e7ift\u00e7ilerin y\u00fcz\u00fcn\u00fc g\u00fcld\u00fcrd\u00fc. \u00c7ift\u00e7i Serhat Akkaya, bir ziyaret i\u00e7in gitti\u011fi Yenik\u00f6y Mahallesi\u2019nde Teknecik Deresi\u2019nden su akmaya ba\u015flad\u0131\u011f\u0131n\u0131 duyunca b\u00f6lgeye giderek bu an\u0131 yerinde izledi ve hat\u0131ra foto\u011fraf\u0131 \u00e7ektirdi.<br \/>\n<br \/>Akkaya, ya\u015fanan durumu memnuniyetle kar\u015f\u0131lad\u0131klar\u0131n\u0131 belirterek, &#8220;Son y\u0131llarda kurakl\u0131k nedeniyle barajlar\u0131m\u0131zda su seviyesi giderek azald\u0131, derelerimiz akmaz olmu\u015ftu. Son ya\u011f\u0131\u015flarla birlikte derelerden yeniden sular\u0131n akmaya ba\u015flad\u0131\u011f\u0131n\u0131 g\u00f6rmek bizleri \u00e7ok sevindirdi.&#8221; dedi.<br \/><\/p>\n","protected":false},"excerpt":{"rendered":"<p>Manisa\u2019n\u0131n Sar\u0131g\u00f6l il\u00e7esinde uzun s\u00fcredir kurakl\u0131k nedeniyle kuruyan dereler, son g\u00fcnlerde etkili olan ya\u011f\u0131\u015flarla yeniden akmaya ba\u015flad\u0131. Sar\u0131g\u00f6l ve \u00e7evresinde etkili olan bereketli ya\u011fmurlar, hem barajlardaki su seviyesini y\u00fckseltti hem de y\u0131llard\u0131r kuru olan dereleri yeniden canland\u0131rd\u0131. \u0130l\u00e7eye ba\u011fl\u0131 Yenik\u00f6y Mahallesi\u2019nden ge\u00e7en Teknecik Deresi\u2019nde de uzun bir aradan sonra su akmaya ba\u015flad\u0131\u011f\u0131 g\u00f6r\u00fcld\u00fc. Yeniden canlanan&#8230;<\/p>\n","protected":false},"author":1,"featured_media":63850,"comment_status":"open","ping_status":"open","sticky":false,"template":"","format":"standard","meta":{"_crdt_document":"","footnotes":""},"categories":[1],"tags":[],"class_list":["post-63849","post","type-post","status-publish","format-standard","has-post-thumbnail","hentry","category-guncel"],"_links":{"self":[{"href":"https:\/\/www.egemtv.com\/index.php?rest_route=\/wp\/v2\/posts\/63849","targetHints":{"allow":["GET"]}}],"collection":[{"href":"https:\/\/www.egemtv.com\/index.php?rest_route=\/wp\/v2\/posts"}],"about":[{"href":"https:\/\/www.egemtv.com\/index.php?rest_route=\/wp\/v2\/types\/post"}],"author":[{"embeddable":true,"href":"https:\/\/www.egemtv.com\/index.php?rest_route=\/wp\/v2\/users\/1"}],"replies":[{"embeddable":true,"href":"https:\/\/www.egemtv.com\/index.php?rest_route=%2Fwp%2Fv2%2Fcomments&post=63849"}],"version-history":[{"count":1,"href":"https:\/\/www.egemtv.com\/index.php?rest_route=\/wp\/v2\/posts\/63849\/revisions"}],"predecessor-version":[{"id":63851,"href":"https:\/\/www.egemtv.com\/index.php?rest_route=\/wp\/v2\/posts\/63849\/revisions\/63851"}],"wp:featuredmedia":[{"embeddable":true,"href":"https:\/\/www.egemtv.com\/index.php?rest_route=\/wp\/v2\/media\/63850"}],"wp:attachment":[{"href":"https:\/\/www.egemtv.com\/index.php?rest_route=%2Fwp%2Fv2%2Fmedia&parent=63849"}],"wp:term":[{"taxonomy":"category","embeddable":true,"href":"https:\/\/www.egemtv.com\/index.php?rest_route=%2Fwp%2Fv2%2Fcategories&post=63849"},{"taxonomy":"post_tag","embeddable":true,"href":"https:\/\/www.egemtv.com\/index.php?rest_route=%2Fwp%2Fv2%2Ftags&post=63849"}],"curies":[{"name":"wp","href":"https:\/\/api.w.org\/{rel}","templated":true}]}}