{"id":63846,"date":"2025-10-25T22:15:31","date_gmt":"2025-10-25T19:15:31","guid":{"rendered":"https:\/\/www.egemtv.com\/?p=63846"},"modified":"2025-10-25T22:15:33","modified_gmt":"2025-10-25T19:15:33","slug":"manisada-trafik-kazasi-1-olu-2","status":"publish","type":"post","link":"https:\/\/www.egemtv.com\/?p=63846","title":{"rendered":"Manisa\u2019da trafik kazas\u0131: 1 \u00f6l\u00fc"},"content":{"rendered":"<p>Manisa\u2019n\u0131n Kula il\u00e7esinde kav\u015faktan kar\u015f\u0131ya ge\u00e7mek isteyen motosiklet ile bir arac\u0131n \u00e7arp\u0131\u015ft\u0131\u011f\u0131 kazada 1 ki\u015fi hayat\u0131n\u0131 kaybetti. Kaza an\u0131 g\u00fcvenlik kameras\u0131na yans\u0131d\u0131.<br \/>\n<br \/>Kaza, saat 17.30 s\u0131ralar\u0131nda \u0130zmir-Ankara 300 Karayolu K\u00f6rez Kav\u015fa\u011f\u0131\u2019nda meydana geldi. Edinilen bilgilere g\u00f6re, kav\u015faktan kar\u015f\u0131ya ge\u00e7mekte olan \u0130brahim Y\u0131lmaz (50) idaresindeki plakas\u0131z motosiklet ile D300 karayolunda U\u015fak istikametine seyir halinde olan M.F.K. (27) y\u00f6netimindeki 45 ALV 324 plakal\u0131 ara\u00e7 \u00e7arp\u0131\u015ft\u0131. \u00c7arp\u0131\u015fman\u0131n \u015fiddetiyle motosiklet \u00fczerinde savrulan s\u00fcr\u00fcc\u00fc olay yerinde hayat\u0131n\u0131 kaybetti. \u0130hbar \u00fczerine olay yerine ambulans, jandarma ve polis ekipleri sevk edildi.<br \/>\n<br \/>\u00d6te yandan \u0130zmir Ankara D300 Karayolu U\u015fak istikametine bir s\u00fcre tek \u015feritten sa\u011flanan trafik ak\u0131\u015f\u0131 kazaya kar\u0131\u015fan ara\u00e7lar\u0131n yoldan kald\u0131r\u0131lmas\u0131 ile normale d\u00f6nd\u00fc Kaza ile ilgili soru\u015fturma ba\u015flat\u0131l\u0131rken ara\u00e7 s\u00fcr\u00fcc\u00fcs\u00fc M.F.K. jandarma ekipleri taraf\u0131ndan g\u00f6zalt\u0131na al\u0131nd\u0131.<br \/><\/p>\n","protected":false},"excerpt":{"rendered":"<p>Manisa\u2019n\u0131n Kula il\u00e7esinde kav\u015faktan kar\u015f\u0131ya ge\u00e7mek isteyen motosiklet ile bir arac\u0131n \u00e7arp\u0131\u015ft\u0131\u011f\u0131 kazada 1 ki\u015fi hayat\u0131n\u0131 kaybetti. Kaza an\u0131 g\u00fcvenlik kameras\u0131na yans\u0131d\u0131. Kaza, saat 17.30 s\u0131ralar\u0131nda \u0130zmir-Ankara 300 Karayolu K\u00f6rez Kav\u015fa\u011f\u0131\u2019nda meydana geldi. Edinilen bilgilere g\u00f6re, kav\u015faktan kar\u015f\u0131ya ge\u00e7mekte olan \u0130brahim Y\u0131lmaz (50) idaresindeki plakas\u0131z motosiklet ile D300 karayolunda U\u015fak istikametine seyir halinde olan M.F.K&#8230;.<\/p>\n","protected":false},"author":1,"featured_media":63847,"comment_status":"open","ping_status":"open","sticky":false,"template":"","format":"standard","meta":{"_crdt_document":"","footnotes":""},"categories":[5],"tags":[],"class_list":["post-63846","post","type-post","status-publish","format-standard","has-post-thumbnail","hentry","category-asayis"],"_links":{"self":[{"href":"https:\/\/www.egemtv.com\/index.php?rest_route=\/wp\/v2\/posts\/63846","targetHints":{"allow":["GET"]}}],"collection":[{"href":"https:\/\/www.egemtv.com\/index.php?rest_route=\/wp\/v2\/posts"}],"about":[{"href":"https:\/\/www.egemtv.com\/index.php?rest_route=\/wp\/v2\/types\/post"}],"author":[{"embeddable":true,"href":"https:\/\/www.egemtv.com\/index.php?rest_route=\/wp\/v2\/users\/1"}],"replies":[{"embeddable":true,"href":"https:\/\/www.egemtv.com\/index.php?rest_route=%2Fwp%2Fv2%2Fcomments&post=63846"}],"version-history":[{"count":1,"href":"https:\/\/www.egemtv.com\/index.php?rest_route=\/wp\/v2\/posts\/63846\/revisions"}],"predecessor-version":[{"id":63848,"href":"https:\/\/www.egemtv.com\/index.php?rest_route=\/wp\/v2\/posts\/63846\/revisions\/63848"}],"wp:featuredmedia":[{"embeddable":true,"href":"https:\/\/www.egemtv.com\/index.php?rest_route=\/wp\/v2\/media\/63847"}],"wp:attachment":[{"href":"https:\/\/www.egemtv.com\/index.php?rest_route=%2Fwp%2Fv2%2Fmedia&parent=63846"}],"wp:term":[{"taxonomy":"category","embeddable":true,"href":"https:\/\/www.egemtv.com\/index.php?rest_route=%2Fwp%2Fv2%2Fcategories&post=63846"},{"taxonomy":"post_tag","embeddable":true,"href":"https:\/\/www.egemtv.com\/index.php?rest_route=%2Fwp%2Fv2%2Ftags&post=63846"}],"curies":[{"name":"wp","href":"https:\/\/api.w.org\/{rel}","templated":true}]}}