{"id":63843,"date":"2025-10-25T20:55:43","date_gmt":"2025-10-25T17:55:43","guid":{"rendered":"https:\/\/www.egemtv.com\/?p=63843"},"modified":"2025-10-25T20:55:45","modified_gmt":"2025-10-25T17:55:45","slug":"cesme-belediyespor-sahasinda-kazanamadi","status":"publish","type":"post","link":"https:\/\/www.egemtv.com\/?p=63843","title":{"rendered":"\u00c7e\u015fme Belediyespor sahas\u0131nda kazanamad\u0131"},"content":{"rendered":"<p>\u0130zmir S\u00fcper Amat\u00f6r Lig E Grubu\u2019nda m\u00fccadele eden \u00c7e\u015fme Belediyespor, konuk etti\u011fi Bal\u00e7ova Belediye Termalspor\u2019a 1-0 ma\u011flup oldu.<br \/>\n<br \/>Kar\u015f\u0131la\u015fman\u0131n ilk yar\u0131s\u0131nda iki tak\u0131m da gol f\u0131rsatlar\u0131 yakalasa da, arad\u0131klar\u0131 gol\u00fc bulamad\u0131 ve devre 0-0 e\u015fitlikle sona erdi. \u0130kinci yar\u0131da yap\u0131lan oyuncu de\u011fi\u015fiklikleriyle h\u00fccumlar\u0131n\u0131 g\u00fc\u00e7lendiren konuk ekip, 63. dakikada Furkan Parsak\u2019\u0131n att\u0131\u011f\u0131 golle 1-0 \u00f6ne ge\u00e7ti. Kalan dakikalarda her iki tak\u0131m da net f\u0131rsatlar yakalasa da skor de\u011fi\u015fmedi. Ma\u00e7\u0131n 90+4 dakikas\u0131nda Bal\u00e7ova Belediye Termal\u2019den Egehan Do\u011fandemir k\u0131rm\u0131z\u0131 kartla oyun d\u0131\u015f\u0131nda kald\u0131.<br \/>\n<br \/>Ligde oynad\u0131\u011f\u0131 5 ma\u00e7tan 5 galibiyet alarak 15 puanla liderli\u011fini s\u00fcrd\u00fcren Bal\u00e7ova Belediye Termal, bu m\u00fcsabakayla yoluna kay\u0131ps\u0131z devam etti. \u00c7e\u015fme Belediyespor ise 3 puanda kalarak haftay\u0131 7. s\u0131rada tamamlad\u0131.<br \/><\/p>\n","protected":false},"excerpt":{"rendered":"<p>\u0130zmir S\u00fcper Amat\u00f6r Lig E Grubu\u2019nda m\u00fccadele eden \u00c7e\u015fme Belediyespor, konuk etti\u011fi Bal\u00e7ova Belediye Termalspor\u2019a 1-0 ma\u011flup oldu. Kar\u015f\u0131la\u015fman\u0131n ilk yar\u0131s\u0131nda iki tak\u0131m da gol f\u0131rsatlar\u0131 yakalasa da, arad\u0131klar\u0131 gol\u00fc bulamad\u0131 ve devre 0-0 e\u015fitlikle sona erdi. \u0130kinci yar\u0131da yap\u0131lan oyuncu de\u011fi\u015fiklikleriyle h\u00fccumlar\u0131n\u0131 g\u00fc\u00e7lendiren konuk ekip, 63. dakikada Furkan Parsak\u2019\u0131n att\u0131\u011f\u0131 golle 1-0 \u00f6ne ge\u00e7ti&#8230;.<\/p>\n","protected":false},"author":1,"featured_media":63844,"comment_status":"open","ping_status":"open","sticky":false,"template":"","format":"standard","meta":{"_crdt_document":"","footnotes":""},"categories":[4],"tags":[],"class_list":["post-63843","post","type-post","status-publish","format-standard","has-post-thumbnail","hentry","category-spor"],"_links":{"self":[{"href":"https:\/\/www.egemtv.com\/index.php?rest_route=\/wp\/v2\/posts\/63843","targetHints":{"allow":["GET"]}}],"collection":[{"href":"https:\/\/www.egemtv.com\/index.php?rest_route=\/wp\/v2\/posts"}],"about":[{"href":"https:\/\/www.egemtv.com\/index.php?rest_route=\/wp\/v2\/types\/post"}],"author":[{"embeddable":true,"href":"https:\/\/www.egemtv.com\/index.php?rest_route=\/wp\/v2\/users\/1"}],"replies":[{"embeddable":true,"href":"https:\/\/www.egemtv.com\/index.php?rest_route=%2Fwp%2Fv2%2Fcomments&post=63843"}],"version-history":[{"count":1,"href":"https:\/\/www.egemtv.com\/index.php?rest_route=\/wp\/v2\/posts\/63843\/revisions"}],"predecessor-version":[{"id":63845,"href":"https:\/\/www.egemtv.com\/index.php?rest_route=\/wp\/v2\/posts\/63843\/revisions\/63845"}],"wp:featuredmedia":[{"embeddable":true,"href":"https:\/\/www.egemtv.com\/index.php?rest_route=\/wp\/v2\/media\/63844"}],"wp:attachment":[{"href":"https:\/\/www.egemtv.com\/index.php?rest_route=%2Fwp%2Fv2%2Fmedia&parent=63843"}],"wp:term":[{"taxonomy":"category","embeddable":true,"href":"https:\/\/www.egemtv.com\/index.php?rest_route=%2Fwp%2Fv2%2Fcategories&post=63843"},{"taxonomy":"post_tag","embeddable":true,"href":"https:\/\/www.egemtv.com\/index.php?rest_route=%2Fwp%2Fv2%2Ftags&post=63843"}],"curies":[{"name":"wp","href":"https:\/\/api.w.org\/{rel}","templated":true}]}}