{"id":63840,"date":"2025-10-25T19:35:31","date_gmt":"2025-10-25T16:35:31","guid":{"rendered":"https:\/\/www.egemtv.com\/?p=63840"},"modified":"2025-10-25T19:35:33","modified_gmt":"2025-10-25T16:35:33","slug":"yunanistan-18i-cocuk-46-duzensiz-gocmeni-olume-terk-etti","status":"publish","type":"post","link":"https:\/\/www.egemtv.com\/?p=63840","title":{"rendered":"Yunanistan, 18\u2019i \u00e7ocuk 46 d\u00fczensiz g\u00f6\u00e7meni \u00f6l\u00fcme terk etti"},"content":{"rendered":"<p>Mu\u011fla\u2019n\u0131n Marmaris il\u00e7esi a\u00e7\u0131klar\u0131nda can sallar\u0131 i\u00e7inde 18\u2019i \u00e7ocuk 46 d\u00fczensiz g\u00f6\u00e7men kurtar\u0131l\u0131rken, iki g\u00f6\u00e7men ka\u00e7ak\u00e7\u0131l\u0131\u011f\u0131 \u015f\u00fcphelisi yakaland\u0131.<br \/>\n<br \/>Marmaris il\u00e7esi a\u00e7\u0131klar\u0131nda can sallar\u0131 i\u00e7erisinde bir grup d\u00fczensiz g\u00f6\u00e7men oldu\u011fu bilgisinin al\u0131nmas\u0131 \u00fczerine g\u00f6revlendirilen Sahil G\u00fcvenlik Gemisi taraf\u0131ndan Yunanistan unsurlar\u0131nca T\u00fcrk Karasular\u0131na geri itilen 2 can sal\u0131 i\u00e7erisindeki toplam 28 d\u00fczensiz g\u00f6\u00e7men (beraberinde 18 \u00e7ocuk) kurtar\u0131l\u0131rken, 2 g\u00f6\u00e7men ka\u00e7ak\u00e7\u0131l\u0131\u011f\u0131 \u015f\u00fcphelisi yakaland\u0131.<br \/><\/p>\n","protected":false},"excerpt":{"rendered":"<p>Mu\u011fla\u2019n\u0131n Marmaris il\u00e7esi a\u00e7\u0131klar\u0131nda can sallar\u0131 i\u00e7inde 18\u2019i \u00e7ocuk 46 d\u00fczensiz g\u00f6\u00e7men kurtar\u0131l\u0131rken, iki g\u00f6\u00e7men ka\u00e7ak\u00e7\u0131l\u0131\u011f\u0131 \u015f\u00fcphelisi yakaland\u0131. Marmaris il\u00e7esi a\u00e7\u0131klar\u0131nda can sallar\u0131 i\u00e7erisinde bir grup d\u00fczensiz g\u00f6\u00e7men oldu\u011fu bilgisinin al\u0131nmas\u0131 \u00fczerine g\u00f6revlendirilen Sahil G\u00fcvenlik Gemisi taraf\u0131ndan Yunanistan unsurlar\u0131nca T\u00fcrk Karasular\u0131na geri itilen 2 can sal\u0131 i\u00e7erisindeki toplam 28 d\u00fczensiz g\u00f6\u00e7men (beraberinde 18 \u00e7ocuk) kurtar\u0131l\u0131rken,&#8230;<\/p>\n","protected":false},"author":1,"featured_media":63841,"comment_status":"open","ping_status":"open","sticky":false,"template":"","format":"standard","meta":{"_crdt_document":"","footnotes":""},"categories":[5],"tags":[],"class_list":["post-63840","post","type-post","status-publish","format-standard","has-post-thumbnail","hentry","category-asayis"],"_links":{"self":[{"href":"https:\/\/www.egemtv.com\/index.php?rest_route=\/wp\/v2\/posts\/63840","targetHints":{"allow":["GET"]}}],"collection":[{"href":"https:\/\/www.egemtv.com\/index.php?rest_route=\/wp\/v2\/posts"}],"about":[{"href":"https:\/\/www.egemtv.com\/index.php?rest_route=\/wp\/v2\/types\/post"}],"author":[{"embeddable":true,"href":"https:\/\/www.egemtv.com\/index.php?rest_route=\/wp\/v2\/users\/1"}],"replies":[{"embeddable":true,"href":"https:\/\/www.egemtv.com\/index.php?rest_route=%2Fwp%2Fv2%2Fcomments&post=63840"}],"version-history":[{"count":1,"href":"https:\/\/www.egemtv.com\/index.php?rest_route=\/wp\/v2\/posts\/63840\/revisions"}],"predecessor-version":[{"id":63842,"href":"https:\/\/www.egemtv.com\/index.php?rest_route=\/wp\/v2\/posts\/63840\/revisions\/63842"}],"wp:featuredmedia":[{"embeddable":true,"href":"https:\/\/www.egemtv.com\/index.php?rest_route=\/wp\/v2\/media\/63841"}],"wp:attachment":[{"href":"https:\/\/www.egemtv.com\/index.php?rest_route=%2Fwp%2Fv2%2Fmedia&parent=63840"}],"wp:term":[{"taxonomy":"category","embeddable":true,"href":"https:\/\/www.egemtv.com\/index.php?rest_route=%2Fwp%2Fv2%2Fcategories&post=63840"},{"taxonomy":"post_tag","embeddable":true,"href":"https:\/\/www.egemtv.com\/index.php?rest_route=%2Fwp%2Fv2%2Ftags&post=63840"}],"curies":[{"name":"wp","href":"https:\/\/api.w.org\/{rel}","templated":true}]}}