{"id":63837,"date":"2025-10-25T19:35:23","date_gmt":"2025-10-25T16:35:23","guid":{"rendered":"https:\/\/www.egemtv.com\/?p=63837"},"modified":"2025-10-25T19:35:27","modified_gmt":"2025-10-25T16:35:27","slug":"italya-rotasindaki-yelkenli-teknede-4-gocmen-kacakcisi-ve-35-duzensiz-gocmen-yakalandi","status":"publish","type":"post","link":"https:\/\/www.egemtv.com\/?p=63837","title":{"rendered":"\u0130talya rotas\u0131ndaki yelkenli teknede 4 g\u00f6\u00e7men ka\u00e7ak\u00e7\u0131s\u0131 ve 35 d\u00fczensiz g\u00f6\u00e7men yakaland\u0131"},"content":{"rendered":"<p>Mu\u011fla\u2019n\u0131n Fethiye il\u00e7esi a\u00e7\u0131klar\u0131nda \u0130talya rotas\u0131 \u00fczerinde seyir halinde olan yelkenli teknede Sahil G\u00fcvenlik ekipleri taraf\u0131ndan yap\u0131lan kontrolde 15\u2019i \u00e7ocuk 35 d\u00fczensiz g\u00f6\u00e7men ve 4 g\u00f6\u00e7men ka\u00e7ak\u00e7\u0131l\u0131\u011f\u0131 \u015f\u00fcphelisi yakaland\u0131.<br \/>\n<br \/>Fethiye il\u00e7esi a\u00e7\u0131klar\u0131nda yelkenli tekne i\u00e7erisinde bir grup d\u00fczensiz g\u00f6\u00e7men oldu\u011fu bilgisinin al\u0131nmas\u0131 \u00fczerine g\u00f6revlendirilen Sahil G\u00fcvenlik Botlar\u0131 Sahil G\u00fcvenlik Dal\u0131\u015f Timi ve Sahil G\u00fcvenlik Ka\u00e7ak\u00e7\u0131l\u0131k ve Organize Su\u00e7larla M\u00fccadele Timi taraf\u0131ndan \u0130talya rotas\u0131 \u00fczerinde bulunan hareketli yelkenli tekne durdurulmu\u015f, i\u00e7erisindeki 20 d\u00fczensiz g\u00f6\u00e7men (beraberinde 15 \u00e7ocuk) ve 4 g\u00f6\u00e7men ka\u00e7ak\u00e7\u0131s\u0131 \u015f\u00fcphelisi yakaland\u0131.<br \/><\/p>\n","protected":false},"excerpt":{"rendered":"<p>Mu\u011fla\u2019n\u0131n Fethiye il\u00e7esi a\u00e7\u0131klar\u0131nda \u0130talya rotas\u0131 \u00fczerinde seyir halinde olan yelkenli teknede Sahil G\u00fcvenlik ekipleri taraf\u0131ndan yap\u0131lan kontrolde 15\u2019i \u00e7ocuk 35 d\u00fczensiz g\u00f6\u00e7men ve 4 g\u00f6\u00e7men ka\u00e7ak\u00e7\u0131l\u0131\u011f\u0131 \u015f\u00fcphelisi yakaland\u0131. Fethiye il\u00e7esi a\u00e7\u0131klar\u0131nda yelkenli tekne i\u00e7erisinde bir grup d\u00fczensiz g\u00f6\u00e7men oldu\u011fu bilgisinin al\u0131nmas\u0131 \u00fczerine g\u00f6revlendirilen Sahil G\u00fcvenlik Botlar\u0131 Sahil G\u00fcvenlik Dal\u0131\u015f Timi ve Sahil G\u00fcvenlik Ka\u00e7ak\u00e7\u0131l\u0131k&#8230;<\/p>\n","protected":false},"author":1,"featured_media":63838,"comment_status":"open","ping_status":"open","sticky":false,"template":"","format":"standard","meta":{"_crdt_document":"","footnotes":""},"categories":[5],"tags":[],"class_list":["post-63837","post","type-post","status-publish","format-standard","has-post-thumbnail","hentry","category-asayis"],"_links":{"self":[{"href":"https:\/\/www.egemtv.com\/index.php?rest_route=\/wp\/v2\/posts\/63837","targetHints":{"allow":["GET"]}}],"collection":[{"href":"https:\/\/www.egemtv.com\/index.php?rest_route=\/wp\/v2\/posts"}],"about":[{"href":"https:\/\/www.egemtv.com\/index.php?rest_route=\/wp\/v2\/types\/post"}],"author":[{"embeddable":true,"href":"https:\/\/www.egemtv.com\/index.php?rest_route=\/wp\/v2\/users\/1"}],"replies":[{"embeddable":true,"href":"https:\/\/www.egemtv.com\/index.php?rest_route=%2Fwp%2Fv2%2Fcomments&post=63837"}],"version-history":[{"count":1,"href":"https:\/\/www.egemtv.com\/index.php?rest_route=\/wp\/v2\/posts\/63837\/revisions"}],"predecessor-version":[{"id":63839,"href":"https:\/\/www.egemtv.com\/index.php?rest_route=\/wp\/v2\/posts\/63837\/revisions\/63839"}],"wp:featuredmedia":[{"embeddable":true,"href":"https:\/\/www.egemtv.com\/index.php?rest_route=\/wp\/v2\/media\/63838"}],"wp:attachment":[{"href":"https:\/\/www.egemtv.com\/index.php?rest_route=%2Fwp%2Fv2%2Fmedia&parent=63837"}],"wp:term":[{"taxonomy":"category","embeddable":true,"href":"https:\/\/www.egemtv.com\/index.php?rest_route=%2Fwp%2Fv2%2Fcategories&post=63837"},{"taxonomy":"post_tag","embeddable":true,"href":"https:\/\/www.egemtv.com\/index.php?rest_route=%2Fwp%2Fv2%2Ftags&post=63837"}],"curies":[{"name":"wp","href":"https:\/\/api.w.org\/{rel}","templated":true}]}}