{"id":63834,"date":"2025-10-25T19:14:57","date_gmt":"2025-10-25T16:14:57","guid":{"rendered":"https:\/\/www.egemtv.com\/?p=63834"},"modified":"2025-10-25T19:14:59","modified_gmt":"2025-10-25T16:14:59","slug":"milasta-33u-cocuk-74-duzensiz-gocmen-yakalandi","status":"publish","type":"post","link":"https:\/\/www.egemtv.com\/?p=63834","title":{"rendered":"Milas\u2019ta 33\u2019\u00fc \u00e7ocuk, 74 d\u00fczensiz g\u00f6\u00e7men yakaland\u0131"},"content":{"rendered":"<p>Mu\u011fla\u2019n\u0131n Milas il\u00e7esi Kaz\u0131kl\u0131 koyunda yasa d\u0131\u015f\u0131 yollardan ka\u00e7\u0131\u015f haz\u0131rl\u0131\u011f\u0131nda olan 33\u2019\u00fc \u00e7ocuk toplam 74 d\u00fczensiz g\u00f6\u00e7men yakaland\u0131.<br \/>\n<br \/>Milas il\u00e7esi Kaz\u0131kl\u0131 Koyu\u2019nda bir grup d\u00fczensiz g\u00f6\u00e7men oldu\u011fu bilgisinin al\u0131nmas\u0131 \u00fczerine g\u00f6revlendirilen Sahil G\u00fcvenlik Botlar\u0131 ve K\u0131y\u0131k\u0131\u015flac\u0131k Jandarma Karakol Komutanl\u0131\u011f\u0131 personeli ile m\u00fc\u015ftereken kara \u00fczerinde tespit edilen 41 d\u00fczensiz g\u00f6\u00e7men (beraberinde 33 \u00e7ocuk) yakaland\u0131.<br \/><\/p>\n","protected":false},"excerpt":{"rendered":"<p>Mu\u011fla\u2019n\u0131n Milas il\u00e7esi Kaz\u0131kl\u0131 koyunda yasa d\u0131\u015f\u0131 yollardan ka\u00e7\u0131\u015f haz\u0131rl\u0131\u011f\u0131nda olan 33\u2019\u00fc \u00e7ocuk toplam 74 d\u00fczensiz g\u00f6\u00e7men yakaland\u0131. Milas il\u00e7esi Kaz\u0131kl\u0131 Koyu\u2019nda bir grup d\u00fczensiz g\u00f6\u00e7men oldu\u011fu bilgisinin al\u0131nmas\u0131 \u00fczerine g\u00f6revlendirilen Sahil G\u00fcvenlik Botlar\u0131 ve K\u0131y\u0131k\u0131\u015flac\u0131k Jandarma Karakol Komutanl\u0131\u011f\u0131 personeli ile m\u00fc\u015ftereken kara \u00fczerinde tespit edilen 41 d\u00fczensiz g\u00f6\u00e7men (beraberinde 33 \u00e7ocuk) yakaland\u0131.<\/p>\n","protected":false},"author":1,"featured_media":63835,"comment_status":"open","ping_status":"open","sticky":false,"template":"","format":"standard","meta":{"_crdt_document":"","footnotes":""},"categories":[5],"tags":[],"class_list":["post-63834","post","type-post","status-publish","format-standard","has-post-thumbnail","hentry","category-asayis"],"_links":{"self":[{"href":"https:\/\/www.egemtv.com\/index.php?rest_route=\/wp\/v2\/posts\/63834","targetHints":{"allow":["GET"]}}],"collection":[{"href":"https:\/\/www.egemtv.com\/index.php?rest_route=\/wp\/v2\/posts"}],"about":[{"href":"https:\/\/www.egemtv.com\/index.php?rest_route=\/wp\/v2\/types\/post"}],"author":[{"embeddable":true,"href":"https:\/\/www.egemtv.com\/index.php?rest_route=\/wp\/v2\/users\/1"}],"replies":[{"embeddable":true,"href":"https:\/\/www.egemtv.com\/index.php?rest_route=%2Fwp%2Fv2%2Fcomments&post=63834"}],"version-history":[{"count":1,"href":"https:\/\/www.egemtv.com\/index.php?rest_route=\/wp\/v2\/posts\/63834\/revisions"}],"predecessor-version":[{"id":63836,"href":"https:\/\/www.egemtv.com\/index.php?rest_route=\/wp\/v2\/posts\/63834\/revisions\/63836"}],"wp:featuredmedia":[{"embeddable":true,"href":"https:\/\/www.egemtv.com\/index.php?rest_route=\/wp\/v2\/media\/63835"}],"wp:attachment":[{"href":"https:\/\/www.egemtv.com\/index.php?rest_route=%2Fwp%2Fv2%2Fmedia&parent=63834"}],"wp:term":[{"taxonomy":"category","embeddable":true,"href":"https:\/\/www.egemtv.com\/index.php?rest_route=%2Fwp%2Fv2%2Fcategories&post=63834"},{"taxonomy":"post_tag","embeddable":true,"href":"https:\/\/www.egemtv.com\/index.php?rest_route=%2Fwp%2Fv2%2Ftags&post=63834"}],"curies":[{"name":"wp","href":"https:\/\/api.w.org\/{rel}","templated":true}]}}