{"id":63831,"date":"2025-10-25T19:14:53","date_gmt":"2025-10-25T16:14:53","guid":{"rendered":"https:\/\/www.egemtv.com\/?p=63831"},"modified":"2025-10-25T19:14:55","modified_gmt":"2025-10-25T16:14:55","slug":"fethiyede-yamac-parasutleri-havada-carpisti-3-yarali","status":"publish","type":"post","link":"https:\/\/www.egemtv.com\/?p=63831","title":{"rendered":"Fethiye\u2019de yama\u00e7 para\u015f\u00fctleri havada \u00e7arp\u0131\u015ft\u0131: 3 yaral\u0131"},"content":{"rendered":"<p>Mu\u011fla\u2019n\u0131n Fethiye il\u00e7esi \u00d6l\u00fcdeniz\u2019de 25. Uluslararas\u0131 Hava Oyunlar\u0131 Festivali\u2019nde single ve tandem yama\u00e7 para\u015f\u00fctlerinin havada \u00e7arp\u0131\u015fmas\u0131 sonucu 3 ki\u015fi yaraland\u0131.<br \/>\n<br \/>Fethiye\u2019de devam eden 25. Uluslararas\u0131 \u00d6l\u00fcdeniz Hava Oyunlar\u0131 Festivali, renkli g\u00f6r\u00fcnt\u00fclere sahne olurken talihsiz bir kaza ya\u015fand\u0131. Belcek\u0131z Plaj\u0131 \u00fczerinde ini\u015f yapmak isteyen single ve tandem yama\u00e7 para\u015f\u00fctleri ini\u015f s\u0131ras\u0131nda havada \u00e7arp\u0131\u015ft\u0131. \u00c7arp\u0131\u015fman\u0131n etkisiyle para\u015f\u00fct\u00e7\u00fcler kontrol\u00fcn\u00fc kaybederek sert ini\u015f yapt\u0131. Olayda 3 ki\u015fi yaraland\u0131. \u0130hbar \u00fczerine b\u00f6lgeye sa\u011fl\u0131k ve jandarma ekipleri sevk edildi. Yaral\u0131lar, ilk m\u00fcdahalelerinin ard\u0131ndan ambulanslarla hastaneye kald\u0131r\u0131ld\u0131.<br \/><\/p>\n","protected":false},"excerpt":{"rendered":"<p>Mu\u011fla\u2019n\u0131n Fethiye il\u00e7esi \u00d6l\u00fcdeniz\u2019de 25. Uluslararas\u0131 Hava Oyunlar\u0131 Festivali\u2019nde single ve tandem yama\u00e7 para\u015f\u00fctlerinin havada \u00e7arp\u0131\u015fmas\u0131 sonucu 3 ki\u015fi yaraland\u0131. Fethiye\u2019de devam eden 25. Uluslararas\u0131 \u00d6l\u00fcdeniz Hava Oyunlar\u0131 Festivali, renkli g\u00f6r\u00fcnt\u00fclere sahne olurken talihsiz bir kaza ya\u015fand\u0131. Belcek\u0131z Plaj\u0131 \u00fczerinde ini\u015f yapmak isteyen single ve tandem yama\u00e7 para\u015f\u00fctleri ini\u015f s\u0131ras\u0131nda havada \u00e7arp\u0131\u015ft\u0131. \u00c7arp\u0131\u015fman\u0131n etkisiyle para\u015f\u00fct\u00e7\u00fcler&#8230;<\/p>\n","protected":false},"author":1,"featured_media":63832,"comment_status":"open","ping_status":"open","sticky":false,"template":"","format":"standard","meta":{"_crdt_document":"","footnotes":""},"categories":[5],"tags":[],"class_list":["post-63831","post","type-post","status-publish","format-standard","has-post-thumbnail","hentry","category-asayis"],"_links":{"self":[{"href":"https:\/\/www.egemtv.com\/index.php?rest_route=\/wp\/v2\/posts\/63831","targetHints":{"allow":["GET"]}}],"collection":[{"href":"https:\/\/www.egemtv.com\/index.php?rest_route=\/wp\/v2\/posts"}],"about":[{"href":"https:\/\/www.egemtv.com\/index.php?rest_route=\/wp\/v2\/types\/post"}],"author":[{"embeddable":true,"href":"https:\/\/www.egemtv.com\/index.php?rest_route=\/wp\/v2\/users\/1"}],"replies":[{"embeddable":true,"href":"https:\/\/www.egemtv.com\/index.php?rest_route=%2Fwp%2Fv2%2Fcomments&post=63831"}],"version-history":[{"count":1,"href":"https:\/\/www.egemtv.com\/index.php?rest_route=\/wp\/v2\/posts\/63831\/revisions"}],"predecessor-version":[{"id":63833,"href":"https:\/\/www.egemtv.com\/index.php?rest_route=\/wp\/v2\/posts\/63831\/revisions\/63833"}],"wp:featuredmedia":[{"embeddable":true,"href":"https:\/\/www.egemtv.com\/index.php?rest_route=\/wp\/v2\/media\/63832"}],"wp:attachment":[{"href":"https:\/\/www.egemtv.com\/index.php?rest_route=%2Fwp%2Fv2%2Fmedia&parent=63831"}],"wp:term":[{"taxonomy":"category","embeddable":true,"href":"https:\/\/www.egemtv.com\/index.php?rest_route=%2Fwp%2Fv2%2Fcategories&post=63831"},{"taxonomy":"post_tag","embeddable":true,"href":"https:\/\/www.egemtv.com\/index.php?rest_route=%2Fwp%2Fv2%2Ftags&post=63831"}],"curies":[{"name":"wp","href":"https:\/\/api.w.org\/{rel}","templated":true}]}}