{"id":63828,"date":"2025-10-25T18:55:12","date_gmt":"2025-10-25T15:55:12","guid":{"rendered":"https:\/\/www.egemtv.com\/?p=63828"},"modified":"2025-10-25T18:55:13","modified_gmt":"2025-10-25T15:55:13","slug":"baskan-arikan-soke-tarihinin-en-buyuk-ulasim-yatirimini-aliyor","status":"publish","type":"post","link":"https:\/\/www.egemtv.com\/?p=63828","title":{"rendered":"Ba\u015fkan Ar\u0131kan: &#8220;S\u00f6ke, tarihinin en b\u00fcy\u00fck ula\u015f\u0131m yat\u0131r\u0131m\u0131n\u0131 al\u0131yor&#8221;"},"content":{"rendered":"<p>Ayd\u0131n B\u00fcy\u00fck\u015fehir Belediyesi ve Ula\u015ft\u0131rma ve Altyap\u0131 Bakanl\u0131\u011f\u0131 i\u015f birli\u011fiyle hayata ge\u00e7irilecek olan 3,2 milyar TL\u2019lik dev yat\u0131r\u0131mlar Ayd\u0131n B\u00fcy\u00fck\u015fehir Belediye Ba\u015fkan\u0131 \u00d6zlem \u00c7er\u00e7io\u011flu taraf\u0131ndan a\u00e7\u0131klan\u0131rken, S\u00f6ke Belediye Ba\u015fkan\u0131 Dr. Mustafa \u0130berya Ar\u0131kan yapt\u0131\u011f\u0131 de\u011ferlendirmede, S\u00f6ke\u2019ye yap\u0131lacak yat\u0131r\u0131mlar\u0131n il\u00e7enin gelece\u011fi i\u00e7in \u00f6nemli oldu\u011funu ifade etti.<\/p>\n<p>Ayd\u0131n ili genelinde yap\u0131lacak ula\u015f\u0131m yat\u0131r\u0131mlar\u0131 olduk\u00e7a heyecan olu\u015fturdu. S\u00f6ke Belediye Ba\u015fkan\u0131 Dr. Mustafa \u0130berya Ar\u0131kan yapt\u0131\u011f\u0131 de\u011ferlendirmede, S\u00f6ke\u2019ye yap\u0131lacak yat\u0131r\u0131mlar\u0131n il\u00e7enin gelece\u011fi i\u00e7in tarihi bir ad\u0131m oldu\u011funu vurgulad\u0131. Ba\u015fkan Ar\u0131kan; &#8220;S\u00f6ke, tarihinin en b\u00fcy\u00fck ula\u015f\u0131m yat\u0131r\u0131m\u0131n\u0131 al\u0131yor&#8221; dedi.<\/p>\n<p>Ba\u015fkan Ar\u0131kan, &#8220;S\u00f6ke, y\u0131llard\u0131r trafik ve ula\u015f\u0131m alan\u0131nda ciddi sorunlarla bo\u011fu\u015fuyor. Bu dev yat\u0131r\u0131mla birlikte S\u00f6kemiz nefes alacak. \u00dclke turizminin kav\u015fak noktalar\u0131ndan biri olan il\u00e7emizde yap\u0131lacak 10 ak\u0131ll\u0131 kav\u015fak d\u00fczenlemesi, hem trafik g\u00fcvenli\u011fini art\u0131racak hem de ula\u015f\u0131m\u0131 b\u00fcy\u00fck \u00f6l\u00e7\u00fcde rahatlatacak. Bu projelerle S\u00f6ke modern, planl\u0131 ve g\u00fcvenli bir ula\u015f\u0131m altyap\u0131s\u0131na kavu\u015facak&#8221; dedi.<\/p>\n<p>&#8220;S\u00f6ke\u2019de 10 kav\u015fakta d\u00fczenleme yap\u0131lacak&#8221;<br \/>\n<br \/>Ayd\u0131n genelinde yap\u0131lacak 24 kav\u015fak d\u00fczenlemesinin 10\u2019unun S\u00f6ke\u2019de yer alaca\u011f\u0131n\u0131 belirten Ar\u0131kan, projelerin il\u00e7enin gelece\u011fini yeniden \u015fekillendirece\u011fine inand\u0131\u011f\u0131n\u0131 ifade etti.<\/p>\n<p>\u00d6zellikle S\u00f6ke-Milas Karayolu \u00fczeri Sazl\u0131\u2019dan Yenido\u011fan\u2019a kadar trafi\u011fi rahatlatacak ak\u0131ll\u0131 kav\u015faklar in\u015fa edilece\u011finin alt\u0131n\u0131 \u00e7izen S\u00f6ke Belediye Ba\u015fkan\u0131 Dr. Mustafa \u0130berya Ar\u0131kan; &#8220;Novada Kav\u015fa\u011f\u0131\u2019nda ba\u015flayan \u00e7al\u0131\u015fmalar, Sazl\u0131, Sazl\u0131 Sanayi, Hemzemin Ge\u00e7it, Ba\u011faras\u0131, Muradiye, Garnizon, \u00d6zbey, Yenido\u011fan (G\u00fcll\u00fcbah\u00e7e), A\u011fa\u00e7l\u0131 ve Yenikent kav\u015faklar\u0131nda da devam edecek. Bu yat\u0131r\u0131mlar sadece bug\u00fcn\u00fcn de\u011fil, gelece\u011fin S\u00f6ke\u2019sini in\u015fa edecek&#8221; dedi.<\/p>\n<p>&#8220;Ba\u015fkan Ar\u0131kan\u2019dan Te\u015fekk\u00fcr&#8221;<br \/>\n<br \/>Ba\u015fkan Ar\u0131kan; &#8220;S\u00f6ke tarihinin en b\u00fcy\u00fck ula\u015f\u0131m yat\u0131r\u0131m\u0131 olarak g\u00f6rd\u00fc\u011f\u00fcm bu hizmetlerin il\u00e7emize kazand\u0131r\u0131lmas\u0131nda eme\u011fi ge\u00e7en ba\u015fta Cumhurba\u015fkan\u0131m\u0131z Recep Tayyip Erdo\u011fan\u2019a, Ula\u015ft\u0131rma ve Altyap\u0131 Bakan\u0131m\u0131z Abdulkadir Uralo\u011flu\u2019na, Ayd\u0131n milletvekillerimize ve B\u00fcy\u00fck\u015fehir Belediye Ba\u015fkan\u0131m\u0131z \u00d6zlem \u00c7er\u00e7io\u011flu\u2019na te\u015fekk\u00fcr ediyorum. S\u00f6ke i\u00e7in birlikte \u00e7al\u0131\u015fmaya, \u00fcretmeye ve kazand\u0131rmaya devam edece\u011fiz&#8221; diye konu\u015ftu.<br \/><\/p>\n","protected":false},"excerpt":{"rendered":"<p>Ayd\u0131n B\u00fcy\u00fck\u015fehir Belediyesi ve Ula\u015ft\u0131rma ve Altyap\u0131 Bakanl\u0131\u011f\u0131 i\u015f birli\u011fiyle hayata ge\u00e7irilecek olan 3,2 milyar TL\u2019lik dev yat\u0131r\u0131mlar Ayd\u0131n B\u00fcy\u00fck\u015fehir Belediye Ba\u015fkan\u0131 \u00d6zlem \u00c7er\u00e7io\u011flu taraf\u0131ndan a\u00e7\u0131klan\u0131rken, S\u00f6ke Belediye Ba\u015fkan\u0131 Dr. Mustafa \u0130berya Ar\u0131kan yapt\u0131\u011f\u0131 de\u011ferlendirmede, S\u00f6ke\u2019ye yap\u0131lacak yat\u0131r\u0131mlar\u0131n il\u00e7enin gelece\u011fi i\u00e7in \u00f6nemli oldu\u011funu ifade etti. Ayd\u0131n ili genelinde yap\u0131lacak ula\u015f\u0131m yat\u0131r\u0131mlar\u0131 olduk\u00e7a heyecan olu\u015fturdu. S\u00f6ke&#8230;<\/p>\n","protected":false},"author":1,"featured_media":63829,"comment_status":"open","ping_status":"open","sticky":false,"template":"","format":"standard","meta":{"_crdt_document":"","footnotes":""},"categories":[127],"tags":[],"class_list":["post-63828","post","type-post","status-publish","format-standard","has-post-thumbnail","hentry","category-siyaset"],"_links":{"self":[{"href":"https:\/\/www.egemtv.com\/index.php?rest_route=\/wp\/v2\/posts\/63828","targetHints":{"allow":["GET"]}}],"collection":[{"href":"https:\/\/www.egemtv.com\/index.php?rest_route=\/wp\/v2\/posts"}],"about":[{"href":"https:\/\/www.egemtv.com\/index.php?rest_route=\/wp\/v2\/types\/post"}],"author":[{"embeddable":true,"href":"https:\/\/www.egemtv.com\/index.php?rest_route=\/wp\/v2\/users\/1"}],"replies":[{"embeddable":true,"href":"https:\/\/www.egemtv.com\/index.php?rest_route=%2Fwp%2Fv2%2Fcomments&post=63828"}],"version-history":[{"count":1,"href":"https:\/\/www.egemtv.com\/index.php?rest_route=\/wp\/v2\/posts\/63828\/revisions"}],"predecessor-version":[{"id":63830,"href":"https:\/\/www.egemtv.com\/index.php?rest_route=\/wp\/v2\/posts\/63828\/revisions\/63830"}],"wp:featuredmedia":[{"embeddable":true,"href":"https:\/\/www.egemtv.com\/index.php?rest_route=\/wp\/v2\/media\/63829"}],"wp:attachment":[{"href":"https:\/\/www.egemtv.com\/index.php?rest_route=%2Fwp%2Fv2%2Fmedia&parent=63828"}],"wp:term":[{"taxonomy":"category","embeddable":true,"href":"https:\/\/www.egemtv.com\/index.php?rest_route=%2Fwp%2Fv2%2Fcategories&post=63828"},{"taxonomy":"post_tag","embeddable":true,"href":"https:\/\/www.egemtv.com\/index.php?rest_route=%2Fwp%2Fv2%2Ftags&post=63828"}],"curies":[{"name":"wp","href":"https:\/\/api.w.org\/{rel}","templated":true}]}}