{"id":63825,"date":"2025-10-25T18:55:02","date_gmt":"2025-10-25T15:55:02","guid":{"rendered":"https:\/\/www.egemtv.com\/?p=63825"},"modified":"2025-10-25T18:55:09","modified_gmt":"2025-10-25T15:55:09","slug":"kusadasinda-gorev-sehitleri-turnuvasinda-ceyrek-final-heyecani-basladi","status":"publish","type":"post","link":"https:\/\/www.egemtv.com\/?p=63825","title":{"rendered":"Ku\u015fadas\u0131\u2019nda G\u00f6rev \u015eehitleri Turnuvas\u0131\u2019nda \u00e7eyrek final heyecan\u0131 ba\u015flad\u0131"},"content":{"rendered":"<p>Ku\u015fadas\u0131\u2019nda 2015 y\u0131l\u0131nda terfi istasyonunda meydana gelen metan gaz\u0131 zehirlenmesi sonucu g\u00f6revleri ba\u015f\u0131nda hayat\u0131n\u0131 kaybeden \u0130smail Davas Hasan F\u0131st\u0131k\u00e7\u0131 Osman Sar\u0131 Veysel Turgut ve U\u011fur Apayd\u0131n an\u0131s\u0131na d\u00fczenlenen G\u00f6rev \u015eehitleri Kupas\u0131 Hal\u0131 Saha Futbol Turnuvas\u0131 heyecan\u0131 t\u00fcm h\u0131z\u0131yla s\u00fcr\u00fcyor<\/p>\n<p>\u015eerif Akar\u00e7e\u015fme taraf\u0131ndan organize edilen turnuvada bug\u00fcn oynanan iki ma\u00e7 b\u00fcy\u00fck \u00e7eki\u015fmeye sahne oldu. Mutlu Hal\u0131 Saha Tesislerinde g\u00fcn\u00fcn ilk kar\u015f\u0131la\u015fmas\u0131nda Ku\u015fadas\u0131 Emniyet M\u00fcd\u00fcrl\u00fc\u011f\u00fc ile Siverekliler Derne\u011fi tak\u0131mlar\u0131 kar\u015f\u0131 kar\u015f\u0131ya geldi Kar\u015f\u0131la\u015fmay\u0131 ba\u015ftan sona \u00fcst\u00fcn g\u00f6t\u00fcren Emniyet ekibi sahadan 18-2\u2019lik farkl\u0131 bir galibiyetle ayr\u0131ld\u0131<\/p>\n<p>G\u00fcn\u00fcn ikinci ma\u00e7\u0131nda ise Akku\u015f \u0130n\u015faat ile Ku\u015fadas\u0131 Adliyesi tak\u0131mlar\u0131 m\u00fccadele etti B\u00fcy\u00fck \u00e7eki\u015fmeye sahne olan ma\u00e7ta son dakikalarda gelen golle Akku\u015f \u0130n\u015faat sahadan 3-2 galip ayr\u0131larak grup liderli\u011fini elde etti<\/p>\n<p>Bu sonu\u00e7lar\u0131n ard\u0131ndan 1. grupta 1. Akku\u015f \u0130n\u015faat 2. Ku\u015fadas\u0131 Adliyesi 2. grupta ise 1. Ali Kotan FK 2. Ku\u015fadas\u0131 Belediyesi tak\u0131mlar\u0131 \u00e7eyrek finale y\u00fckseldi.<\/p>\n<p>\u00c7eyrek final kar\u015f\u0131la\u015fmalar\u0131 28 Ekim Sal\u0131 g\u00fcn\u00fc oynanacak Saat 18.00\u2019de Akku\u015f \u0130n\u015faat Ku\u015fadas\u0131 Belediyesi ile saat 19.00\u2019da ise Ali Kotan FK Ku\u015fadas\u0131 Adliyesi ile kar\u015f\u0131la\u015facak<\/p>\n<p>Turnuvan\u0131n final heyecan\u0131 31 Ekim Cuma g\u00fcn\u00fc saat 19.00\u2019da ya\u015fanacak Ayn\u0131 g\u00fcn saat 18.00\u2019de ise \u00fc\u00e7\u00fcnc\u00fcl\u00fck m\u00fccadelesi oynanacak<br \/><\/p>\n","protected":false},"excerpt":{"rendered":"<p>Ku\u015fadas\u0131\u2019nda 2015 y\u0131l\u0131nda terfi istasyonunda meydana gelen metan gaz\u0131 zehirlenmesi sonucu g\u00f6revleri ba\u015f\u0131nda hayat\u0131n\u0131 kaybeden \u0130smail Davas Hasan F\u0131st\u0131k\u00e7\u0131 Osman Sar\u0131 Veysel Turgut ve U\u011fur Apayd\u0131n an\u0131s\u0131na d\u00fczenlenen G\u00f6rev \u015eehitleri Kupas\u0131 Hal\u0131 Saha Futbol Turnuvas\u0131 heyecan\u0131 t\u00fcm h\u0131z\u0131yla s\u00fcr\u00fcyor \u015eerif Akar\u00e7e\u015fme taraf\u0131ndan organize edilen turnuvada bug\u00fcn oynanan iki ma\u00e7 b\u00fcy\u00fck \u00e7eki\u015fmeye sahne oldu. Mutlu Hal\u0131&#8230;<\/p>\n","protected":false},"author":1,"featured_media":63826,"comment_status":"open","ping_status":"open","sticky":false,"template":"","format":"standard","meta":{"_crdt_document":"","footnotes":""},"categories":[1],"tags":[],"class_list":["post-63825","post","type-post","status-publish","format-standard","has-post-thumbnail","hentry","category-guncel"],"_links":{"self":[{"href":"https:\/\/www.egemtv.com\/index.php?rest_route=\/wp\/v2\/posts\/63825","targetHints":{"allow":["GET"]}}],"collection":[{"href":"https:\/\/www.egemtv.com\/index.php?rest_route=\/wp\/v2\/posts"}],"about":[{"href":"https:\/\/www.egemtv.com\/index.php?rest_route=\/wp\/v2\/types\/post"}],"author":[{"embeddable":true,"href":"https:\/\/www.egemtv.com\/index.php?rest_route=\/wp\/v2\/users\/1"}],"replies":[{"embeddable":true,"href":"https:\/\/www.egemtv.com\/index.php?rest_route=%2Fwp%2Fv2%2Fcomments&post=63825"}],"version-history":[{"count":1,"href":"https:\/\/www.egemtv.com\/index.php?rest_route=\/wp\/v2\/posts\/63825\/revisions"}],"predecessor-version":[{"id":63827,"href":"https:\/\/www.egemtv.com\/index.php?rest_route=\/wp\/v2\/posts\/63825\/revisions\/63827"}],"wp:featuredmedia":[{"embeddable":true,"href":"https:\/\/www.egemtv.com\/index.php?rest_route=\/wp\/v2\/media\/63826"}],"wp:attachment":[{"href":"https:\/\/www.egemtv.com\/index.php?rest_route=%2Fwp%2Fv2%2Fmedia&parent=63825"}],"wp:term":[{"taxonomy":"category","embeddable":true,"href":"https:\/\/www.egemtv.com\/index.php?rest_route=%2Fwp%2Fv2%2Fcategories&post=63825"},{"taxonomy":"post_tag","embeddable":true,"href":"https:\/\/www.egemtv.com\/index.php?rest_route=%2Fwp%2Fv2%2Ftags&post=63825"}],"curies":[{"name":"wp","href":"https:\/\/api.w.org\/{rel}","templated":true}]}}