{"id":63816,"date":"2025-10-25T17:18:24","date_gmt":"2025-10-25T14:18:24","guid":{"rendered":"https:\/\/www.egemtv.com\/?p=63816"},"modified":"2025-10-25T17:18:25","modified_gmt":"2025-10-25T14:18:25","slug":"gazetecileri-once-tehdit-sonra-darp-edip-telefonu-gasp-ettiler","status":"publish","type":"post","link":"https:\/\/www.egemtv.com\/?p=63816","title":{"rendered":"Gazetecileri \u00f6nce tehdit sonra darp edip telefonu gasp ettiler"},"content":{"rendered":"<p>Ayd\u0131n\u2019\u0131n Efeler il\u00e7esinde meydana gelen trafik kazas\u0131n\u0131 g\u00f6r\u00fcnt\u00fclemek i\u00e7in olay yerine giden gazetecilere, \u015fof\u00f6r\u00fcn yak\u0131nlar\u0131 sald\u0131rd\u0131.<br \/>\n<br \/>Olay, Efeler il\u00e7esi Kalfak\u00f6y Mahallesi yolu \u00fczerinde meydana geldi. Edinilen bilgiye g\u00f6re, takla atarak ters d\u00f6nen bir otomobil kazas\u0131n\u0131 haberle\u015ftirmek i\u00e7in gazeteciler Abdurrahman F\u0131rat, U\u011fur Eser, Aziz \u00d6zden ve Yusuf Konrat olay yerine gitti. Takla atan arac\u0131 g\u00f6r\u00fcnt\u00fclemek istedikleri esnada kaza yapan \u015fahs\u0131n yak\u0131nlar\u0131 \u00f6nce gazetecilerin g\u00f6r\u00fcnt\u00fc almas\u0131n\u0131 engellemek istedi. Ard\u0131ndan ya\u015fanan k\u0131sa s\u00fcreli arbedede bir ki\u015fi Abdurrahman F\u0131rat\u2019\u0131n telefonu ald\u0131. F\u0131rat\u2019\u0131n telefonunu geri almaya \u00e7al\u0131\u015ft\u0131\u011f\u0131 esnada b\u00f6lgede bulunan \u015fah\u0131slar, gazetecilere sald\u0131rd\u0131. Sald\u0131rganlar, gazetecilere tehditler savururken, polis ekiplerinin m\u00fcdahalede yetersiz kald\u0131\u011f\u0131 olayda kalabal\u0131k g\u00fc\u00e7l\u00fckle da\u011f\u0131t\u0131ld\u0131.<br \/>\n<br \/>Gazeteci F\u0131rat, olay yerinde yap\u0131lan ilk m\u00fcdahalenin ard\u0131ndan ambulansla hastaneye kald\u0131r\u0131l\u0131rken, taraflar birbirilerinden \u015fikayet\u00e7i oldu.<br \/><\/p>\n","protected":false},"excerpt":{"rendered":"<p>Ayd\u0131n\u2019\u0131n Efeler il\u00e7esinde meydana gelen trafik kazas\u0131n\u0131 g\u00f6r\u00fcnt\u00fclemek i\u00e7in olay yerine giden gazetecilere, \u015fof\u00f6r\u00fcn yak\u0131nlar\u0131 sald\u0131rd\u0131. Olay, Efeler il\u00e7esi Kalfak\u00f6y Mahallesi yolu \u00fczerinde meydana geldi. Edinilen bilgiye g\u00f6re, takla atarak ters d\u00f6nen bir otomobil kazas\u0131n\u0131 haberle\u015ftirmek i\u00e7in gazeteciler Abdurrahman F\u0131rat, U\u011fur Eser, Aziz \u00d6zden ve Yusuf Konrat olay yerine gitti. Takla atan arac\u0131 g\u00f6r\u00fcnt\u00fclemek istedikleri&#8230;<\/p>\n","protected":false},"author":1,"featured_media":63817,"comment_status":"open","ping_status":"open","sticky":false,"template":"","format":"standard","meta":{"_crdt_document":"","footnotes":""},"categories":[5],"tags":[],"class_list":["post-63816","post","type-post","status-publish","format-standard","has-post-thumbnail","hentry","category-asayis"],"_links":{"self":[{"href":"https:\/\/www.egemtv.com\/index.php?rest_route=\/wp\/v2\/posts\/63816","targetHints":{"allow":["GET"]}}],"collection":[{"href":"https:\/\/www.egemtv.com\/index.php?rest_route=\/wp\/v2\/posts"}],"about":[{"href":"https:\/\/www.egemtv.com\/index.php?rest_route=\/wp\/v2\/types\/post"}],"author":[{"embeddable":true,"href":"https:\/\/www.egemtv.com\/index.php?rest_route=\/wp\/v2\/users\/1"}],"replies":[{"embeddable":true,"href":"https:\/\/www.egemtv.com\/index.php?rest_route=%2Fwp%2Fv2%2Fcomments&post=63816"}],"version-history":[{"count":1,"href":"https:\/\/www.egemtv.com\/index.php?rest_route=\/wp\/v2\/posts\/63816\/revisions"}],"predecessor-version":[{"id":63818,"href":"https:\/\/www.egemtv.com\/index.php?rest_route=\/wp\/v2\/posts\/63816\/revisions\/63818"}],"wp:featuredmedia":[{"embeddable":true,"href":"https:\/\/www.egemtv.com\/index.php?rest_route=\/wp\/v2\/media\/63817"}],"wp:attachment":[{"href":"https:\/\/www.egemtv.com\/index.php?rest_route=%2Fwp%2Fv2%2Fmedia&parent=63816"}],"wp:term":[{"taxonomy":"category","embeddable":true,"href":"https:\/\/www.egemtv.com\/index.php?rest_route=%2Fwp%2Fv2%2Fcategories&post=63816"},{"taxonomy":"post_tag","embeddable":true,"href":"https:\/\/www.egemtv.com\/index.php?rest_route=%2Fwp%2Fv2%2Ftags&post=63816"}],"curies":[{"name":"wp","href":"https:\/\/api.w.org\/{rel}","templated":true}]}}