{"id":63813,"date":"2025-10-25T16:56:04","date_gmt":"2025-10-25T13:56:04","guid":{"rendered":"https:\/\/www.egemtv.com\/?p=63813"},"modified":"2025-10-25T16:56:06","modified_gmt":"2025-10-25T13:56:06","slug":"bergamada-sanatin-dongusu","status":"publish","type":"post","link":"https:\/\/www.egemtv.com\/?p=63813","title":{"rendered":"Bergama\u2019da sanat\u0131n \u2019D\u00f6ng\u00fc\u2019s\u00fc"},"content":{"rendered":"<p>Bergama\u2019n\u0131n tarihi izlerinden esinlenerek sanat\u00e7\u0131 Ay\u015fe Yavuzy\u0131lmaz taraf\u0131ndan yap\u0131lan \u2018D\u00f6ng\u00fc\u2019 sergisi 29 Ekim Cumhuriyet Bayram\u0131\u2019nda sanatseverlerle bulu\u015facak.<br \/>\n<br \/>Bergama\u2019n\u0131n binlerce y\u0131ll\u0131k tarihinden ilham alan sanat\u00e7\u0131 Ay\u015fe Yavuzy\u0131lmaz, &#8220;D\u00f6ng\u00fc&#8221; adl\u0131 sergisiyle antik izleri \u00e7ini sanat\u0131na ta\u015f\u0131yor. 29 Ekim Cumhuriyet Bayram\u0131\u2019nda Haluk Elbe Toplant\u0131 Salonu\u2019nda a\u00e7\u0131l\u0131\u015f\u0131 yap\u0131lacak sergi, ge\u00e7mi\u015f ile g\u00fcn\u00fcm\u00fcz aras\u0131nda g\u00f6rsel bir k\u00f6pr\u00fc kuruyor. Sergi, Rumi deseninin sonsuzluk ve ak\u0131\u015f fikrinden yola \u00e7\u0131karak, Antik Pergamon\u2019un izlerini \u00e7a\u011fda\u015f bir yorumla yeniden hayat bulduruyor. Yavuzy\u0131lmaz\u2019\u0131n y\u00fcr\u00fctt\u00fc\u011f\u00fc bu proje, Bergama\u2019n\u0131n k\u00fclt\u00fcrel miras\u0131n\u0131 sanat\u0131n d\u00f6n\u00fc\u015ft\u00fcr\u00fcc\u00fc g\u00fcc\u00fcyle g\u00f6r\u00fcn\u00fcr k\u0131lmay\u0131 ama\u00e7l\u0131yor.<br \/>\n<br \/>Sanat\u00e7\u0131 Yavuzy\u0131lmaz, serginin sadece bir estetik deneyim de\u011fil, ayn\u0131 zamanda bir k\u00fclt\u00fcrel d\u00f6ng\u00fc oldu\u011funu vurgulayarak, &#8220;Binlerce y\u0131ll\u0131k Bergama tarihinin derin izleri, \u00e7ininin zarif y\u00fczeyinde yeniden canlan\u0131yor&#8221; dedi.<br \/>\n<br \/>Sergi, 28 Ekim &#8211; 02 Kas\u0131m tarihleri aras\u0131nda ziyaret edilebilecek. A\u00e7\u0131l\u0131\u015f g\u00fcn\u00fc olan 29 Ekim\u2019de saat 12.00\u2019de ger\u00e7ekle\u015fecek etkinlik, Bergama\u2019n\u0131n sanatseverlerini ve tarih merakl\u0131lar\u0131n\u0131 bir araya getirmeye haz\u0131rlan\u0131yor.<br \/><\/p>\n","protected":false},"excerpt":{"rendered":"<p>Bergama\u2019n\u0131n tarihi izlerinden esinlenerek sanat\u00e7\u0131 Ay\u015fe Yavuzy\u0131lmaz taraf\u0131ndan yap\u0131lan \u2018D\u00f6ng\u00fc\u2019 sergisi 29 Ekim Cumhuriyet Bayram\u0131\u2019nda sanatseverlerle bulu\u015facak. Bergama\u2019n\u0131n binlerce y\u0131ll\u0131k tarihinden ilham alan sanat\u00e7\u0131 Ay\u015fe Yavuzy\u0131lmaz, &#8220;D\u00f6ng\u00fc&#8221; adl\u0131 sergisiyle antik izleri \u00e7ini sanat\u0131na ta\u015f\u0131yor. 29 Ekim Cumhuriyet Bayram\u0131\u2019nda Haluk Elbe Toplant\u0131 Salonu\u2019nda a\u00e7\u0131l\u0131\u015f\u0131 yap\u0131lacak sergi, ge\u00e7mi\u015f ile g\u00fcn\u00fcm\u00fcz aras\u0131nda g\u00f6rsel bir k\u00f6pr\u00fc kuruyor. Sergi, Rumi&#8230;<\/p>\n","protected":false},"author":1,"featured_media":63814,"comment_status":"open","ping_status":"open","sticky":false,"template":"","format":"standard","meta":{"_crdt_document":"","footnotes":""},"categories":[1],"tags":[],"class_list":["post-63813","post","type-post","status-publish","format-standard","has-post-thumbnail","hentry","category-guncel"],"_links":{"self":[{"href":"https:\/\/www.egemtv.com\/index.php?rest_route=\/wp\/v2\/posts\/63813","targetHints":{"allow":["GET"]}}],"collection":[{"href":"https:\/\/www.egemtv.com\/index.php?rest_route=\/wp\/v2\/posts"}],"about":[{"href":"https:\/\/www.egemtv.com\/index.php?rest_route=\/wp\/v2\/types\/post"}],"author":[{"embeddable":true,"href":"https:\/\/www.egemtv.com\/index.php?rest_route=\/wp\/v2\/users\/1"}],"replies":[{"embeddable":true,"href":"https:\/\/www.egemtv.com\/index.php?rest_route=%2Fwp%2Fv2%2Fcomments&post=63813"}],"version-history":[{"count":1,"href":"https:\/\/www.egemtv.com\/index.php?rest_route=\/wp\/v2\/posts\/63813\/revisions"}],"predecessor-version":[{"id":63815,"href":"https:\/\/www.egemtv.com\/index.php?rest_route=\/wp\/v2\/posts\/63813\/revisions\/63815"}],"wp:featuredmedia":[{"embeddable":true,"href":"https:\/\/www.egemtv.com\/index.php?rest_route=\/wp\/v2\/media\/63814"}],"wp:attachment":[{"href":"https:\/\/www.egemtv.com\/index.php?rest_route=%2Fwp%2Fv2%2Fmedia&parent=63813"}],"wp:term":[{"taxonomy":"category","embeddable":true,"href":"https:\/\/www.egemtv.com\/index.php?rest_route=%2Fwp%2Fv2%2Fcategories&post=63813"},{"taxonomy":"post_tag","embeddable":true,"href":"https:\/\/www.egemtv.com\/index.php?rest_route=%2Fwp%2Fv2%2Ftags&post=63813"}],"curies":[{"name":"wp","href":"https:\/\/api.w.org\/{rel}","templated":true}]}}