{"id":63810,"date":"2025-10-25T16:56:01","date_gmt":"2025-10-25T13:56:01","guid":{"rendered":"https:\/\/www.egemtv.com\/?p=63810"},"modified":"2025-10-25T16:56:03","modified_gmt":"2025-10-25T13:56:03","slug":"focadaki-selde-hayatini-kaybeden-yasli-adam-topraga-verildi","status":"publish","type":"post","link":"https:\/\/www.egemtv.com\/?p=63810","title":{"rendered":"Fo\u00e7a\u2019daki selde hayat\u0131n\u0131 kaybeden ya\u015fl\u0131 adam topra\u011fa verildi"},"content":{"rendered":"<p>\u0130zmir\u2019in Fo\u00e7a il\u00e7esinde ya\u015fanan sel felaketinde hayat\u0131n\u0131 kaybeden 70 ya\u015f\u0131ndaki emekli bankac\u0131, ailesi, yak\u0131nlar\u0131 ve \u00e7ok say\u0131da vatanda\u015f\u0131n kat\u0131ld\u0131\u011f\u0131 cenaze t\u00f6reninin ard\u0131ndan topra\u011fa verildi.<br \/>\n<br \/>Fo\u00e7a il\u00e7esindeki 23 Ekim g\u00fcn\u00fc sel felaketinde arac\u0131yla menfezden ge\u00e7meye \u00e7al\u0131\u015ft\u0131\u011f\u0131 s\u0131rada sel sular\u0131na kap\u0131larak kaybolan 70 ya\u015f\u0131ndaki B\u00fclent Kaptano\u011flu\u2019nun bu sabah cans\u0131z bedenine ula\u015f\u0131ld\u0131. Kayboldu\u011fu noktadan 11 km uzakl\u0131kta eski Gediz Nehri yata\u011f\u0131nda cans\u0131z bedenine ula\u015f\u0131lan Kaptano\u011flu, arama kurtarma ekipleri taraf\u0131ndan sudan \u00e7\u0131kar\u0131ld\u0131. Ailesine ve yak\u0131nlar\u0131na b\u00fcy\u00fck ac\u0131 ya\u015fatan talihsiz olay, Fo\u00e7a\u2019y\u0131 da yasa bo\u011fdu.<\/p>\n<p>E\u015fi Nilg\u00fcn Kaptano\u011flu tabuta sar\u0131larak veda etti<br \/>\n<br \/>B\u00fclent Kaptano\u011flu\u2019nun cenazesi, ikindi namaz\u0131 \u00f6ncesi Yeni Fo\u00e7a Merkez Camii\u2019ne getirildi. Nilg\u00fcn Kaptano\u011flu, tabuta sar\u0131larak e\u015fine veda etti. K\u0131zlar\u0131 Deniz Candemir ve Derya Kaptano\u011flu da babalar\u0131n\u0131 g\u00f6zya\u015flar\u0131 ile u\u011furlad\u0131.<br \/>\n<br \/>Cenaze t\u00f6renine AFAD Ba\u015fkan\u0131 Ali Hamza Pehlivan, Fo\u00e7a Kaymakam\u0131 \u0130hsan Emre Ayd\u0131n, Fo\u00e7a Belediye Ba\u015fkan\u0131 Saniye Bora F\u0131\u00e7\u0131, \u0130l\u00e7e Jandarma Komutan\u0131 Hakan Ar\u0131kan, CHP \u0130zmir \u0130l Ba\u015fkan\u0131 \u00c7a\u011fatay G\u00fc\u00e7, eski Fo\u00e7a Belediye Ba\u015fkan\u0131 Fatih G\u00fcrb\u00fcz, Kaptano\u011flu Ailesi\u2019nin yak\u0131nlar\u0131 ve \u00e7ok say\u0131da vatanda\u015f kat\u0131ld\u0131. Protokol ve cenazeye kat\u0131lan vatanda\u015f, Kaptano\u011flu Ailesi\u2019ni teskin etmeye \u00e7al\u0131\u015ft\u0131, ac\u0131s\u0131na ortak oldu.<br \/>\n<br \/>\u0130kindi namaz\u0131n\u0131 m\u00fcteakip k\u0131l\u0131nan cenaze namaz\u0131n\u0131n ard\u0131ndan 70 ya\u015f\u0131ndaki B\u00fclent Kaptano\u011flu, dualar e\u015fli\u011finde Yeni Fo\u00e7a Kabristanl\u0131\u011f\u0131\u2019nda topra\u011fa verildi.<br \/><\/p>\n","protected":false},"excerpt":{"rendered":"<p>\u0130zmir\u2019in Fo\u00e7a il\u00e7esinde ya\u015fanan sel felaketinde hayat\u0131n\u0131 kaybeden 70 ya\u015f\u0131ndaki emekli bankac\u0131, ailesi, yak\u0131nlar\u0131 ve \u00e7ok say\u0131da vatanda\u015f\u0131n kat\u0131ld\u0131\u011f\u0131 cenaze t\u00f6reninin ard\u0131ndan topra\u011fa verildi. Fo\u00e7a il\u00e7esindeki 23 Ekim g\u00fcn\u00fc sel felaketinde arac\u0131yla menfezden ge\u00e7meye \u00e7al\u0131\u015ft\u0131\u011f\u0131 s\u0131rada sel sular\u0131na kap\u0131larak kaybolan 70 ya\u015f\u0131ndaki B\u00fclent Kaptano\u011flu\u2019nun bu sabah cans\u0131z bedenine ula\u015f\u0131ld\u0131. Kayboldu\u011fu noktadan 11 km uzakl\u0131kta eski&#8230;<\/p>\n","protected":false},"author":1,"featured_media":63811,"comment_status":"open","ping_status":"open","sticky":false,"template":"","format":"standard","meta":{"_crdt_document":"","footnotes":""},"categories":[5],"tags":[],"class_list":["post-63810","post","type-post","status-publish","format-standard","has-post-thumbnail","hentry","category-asayis"],"_links":{"self":[{"href":"https:\/\/www.egemtv.com\/index.php?rest_route=\/wp\/v2\/posts\/63810","targetHints":{"allow":["GET"]}}],"collection":[{"href":"https:\/\/www.egemtv.com\/index.php?rest_route=\/wp\/v2\/posts"}],"about":[{"href":"https:\/\/www.egemtv.com\/index.php?rest_route=\/wp\/v2\/types\/post"}],"author":[{"embeddable":true,"href":"https:\/\/www.egemtv.com\/index.php?rest_route=\/wp\/v2\/users\/1"}],"replies":[{"embeddable":true,"href":"https:\/\/www.egemtv.com\/index.php?rest_route=%2Fwp%2Fv2%2Fcomments&post=63810"}],"version-history":[{"count":1,"href":"https:\/\/www.egemtv.com\/index.php?rest_route=\/wp\/v2\/posts\/63810\/revisions"}],"predecessor-version":[{"id":63812,"href":"https:\/\/www.egemtv.com\/index.php?rest_route=\/wp\/v2\/posts\/63810\/revisions\/63812"}],"wp:featuredmedia":[{"embeddable":true,"href":"https:\/\/www.egemtv.com\/index.php?rest_route=\/wp\/v2\/media\/63811"}],"wp:attachment":[{"href":"https:\/\/www.egemtv.com\/index.php?rest_route=%2Fwp%2Fv2%2Fmedia&parent=63810"}],"wp:term":[{"taxonomy":"category","embeddable":true,"href":"https:\/\/www.egemtv.com\/index.php?rest_route=%2Fwp%2Fv2%2Fcategories&post=63810"},{"taxonomy":"post_tag","embeddable":true,"href":"https:\/\/www.egemtv.com\/index.php?rest_route=%2Fwp%2Fv2%2Ftags&post=63810"}],"curies":[{"name":"wp","href":"https:\/\/api.w.org\/{rel}","templated":true}]}}