{"id":63807,"date":"2025-10-25T15:56:05","date_gmt":"2025-10-25T12:56:05","guid":{"rendered":"https:\/\/www.egemtv.com\/?p=63807"},"modified":"2025-10-25T15:56:08","modified_gmt":"2025-10-25T12:56:08","slug":"kutahyanin-lezzet-mirasi-ankarada-tanitilacak","status":"publish","type":"post","link":"https:\/\/www.egemtv.com\/?p=63807","title":{"rendered":"K\u00fctahya\u2019n\u0131n lezzet miras\u0131 Ankara\u2019da tan\u0131t\u0131lacak"},"content":{"rendered":"<p>K\u00fctahya Belediye Ba\u015fkan\u0131 Ey\u00fcp Kahveci, Ankara Gastrofest\u2019in a\u00e7\u0131l\u0131\u015f t\u00f6renine kat\u0131larak, K\u00fctahya\u2019y\u0131 ve K\u00fctahya Belediyesini temsil eden yetenekli \u015feflere deste\u011fini g\u00f6sterdi.<br \/>\n<br \/>26 Ekim 2025 tarihindeki festivalde, K\u00fctahya Belediyesi ad\u0131na kat\u0131l\u0131m sa\u011flayan Executive Chef Fatma Ulu K\u0131lavuz &#8220;Giri\u015fimci Kad\u0131nlar&#8221; kategorisinde, Executive Chef Kerim Y\u0131ld\u0131z\u2019da &#8220;D\u00fcnya \u015eefleri&#8221; kategorisinde yer alarak \u015fehrin lezzet miras\u0131n\u0131 tan\u0131tacak.<br \/>\n<br \/>Stantlar\u0131 tek tek dola\u015farak bilgi alan Belediye Ba\u015fkan\u0131 Ey\u00fcp Kahveci, \u015fehrin co\u011frafi i\u015faretli \u00fcr\u00fcn\u00fc k\u0131z\u0131lc\u0131k \u00e7orbas\u0131n\u0131 kendi elleriyle haz\u0131rlayarak, Ankaral\u0131 vatanda\u015flara ikram etti. Yo\u011fun ilgi g\u00f6ren sunum, K\u00fctahya mutfa\u011f\u0131n\u0131n tan\u0131t\u0131m\u0131na katk\u0131 sa\u011flarken, festival kat\u0131l\u0131mc\u0131lar\u0131ndan da b\u00fcy\u00fck be\u011feni toplad\u0131.<br \/>\n<br \/>Festival boyunca ev sahibi ESDAP Genel Ba\u015fkan\u0131 \u015eef \u015e\u00fckran \u00c7ift\u00e7i ve bir\u00e7ok meslekta\u015f\u0131yla bir araya gelen Belediye Ba\u015fkan\u0131 Ey\u00fcp Kahveci, misafirperverlikleri ve nazik kar\u015f\u0131lamalar\u0131 i\u00e7in te\u015fekk\u00fcrlerini sunarak, &#8220;\u015eehrin kadim mutfak gelene\u011fini ulusal ve uluslararas\u0131 platformlarda tan\u0131tmak, hem k\u00fclt\u00fcrel hem ekonomik kalk\u0131nmam\u0131z i\u00e7in b\u00fcy\u00fck \u00f6nem ta\u015f\u0131yor. Bu anlaml\u0131 organizasyonda \u015feflerimizin ba\u015far\u0131lar\u0131yla gurur duyuyoruz&#8221; dedi.<br \/><\/p>\n","protected":false},"excerpt":{"rendered":"<p>K\u00fctahya Belediye Ba\u015fkan\u0131 Ey\u00fcp Kahveci, Ankara Gastrofest\u2019in a\u00e7\u0131l\u0131\u015f t\u00f6renine kat\u0131larak, K\u00fctahya\u2019y\u0131 ve K\u00fctahya Belediyesini temsil eden yetenekli \u015feflere deste\u011fini g\u00f6sterdi. 26 Ekim 2025 tarihindeki festivalde, K\u00fctahya Belediyesi ad\u0131na kat\u0131l\u0131m sa\u011flayan Executive Chef Fatma Ulu K\u0131lavuz &#8220;Giri\u015fimci Kad\u0131nlar&#8221; kategorisinde, Executive Chef Kerim Y\u0131ld\u0131z\u2019da &#8220;D\u00fcnya \u015eefleri&#8221; kategorisinde yer alarak \u015fehrin lezzet miras\u0131n\u0131 tan\u0131tacak. Stantlar\u0131 tek tek dola\u015farak&#8230;<\/p>\n","protected":false},"author":1,"featured_media":63808,"comment_status":"open","ping_status":"open","sticky":false,"template":"","format":"standard","meta":{"_crdt_document":"","footnotes":""},"categories":[123],"tags":[],"class_list":["post-63807","post","type-post","status-publish","format-standard","has-post-thumbnail","hentry","category-gundem"],"_links":{"self":[{"href":"https:\/\/www.egemtv.com\/index.php?rest_route=\/wp\/v2\/posts\/63807","targetHints":{"allow":["GET"]}}],"collection":[{"href":"https:\/\/www.egemtv.com\/index.php?rest_route=\/wp\/v2\/posts"}],"about":[{"href":"https:\/\/www.egemtv.com\/index.php?rest_route=\/wp\/v2\/types\/post"}],"author":[{"embeddable":true,"href":"https:\/\/www.egemtv.com\/index.php?rest_route=\/wp\/v2\/users\/1"}],"replies":[{"embeddable":true,"href":"https:\/\/www.egemtv.com\/index.php?rest_route=%2Fwp%2Fv2%2Fcomments&post=63807"}],"version-history":[{"count":1,"href":"https:\/\/www.egemtv.com\/index.php?rest_route=\/wp\/v2\/posts\/63807\/revisions"}],"predecessor-version":[{"id":63809,"href":"https:\/\/www.egemtv.com\/index.php?rest_route=\/wp\/v2\/posts\/63807\/revisions\/63809"}],"wp:featuredmedia":[{"embeddable":true,"href":"https:\/\/www.egemtv.com\/index.php?rest_route=\/wp\/v2\/media\/63808"}],"wp:attachment":[{"href":"https:\/\/www.egemtv.com\/index.php?rest_route=%2Fwp%2Fv2%2Fmedia&parent=63807"}],"wp:term":[{"taxonomy":"category","embeddable":true,"href":"https:\/\/www.egemtv.com\/index.php?rest_route=%2Fwp%2Fv2%2Fcategories&post=63807"},{"taxonomy":"post_tag","embeddable":true,"href":"https:\/\/www.egemtv.com\/index.php?rest_route=%2Fwp%2Fv2%2Ftags&post=63807"}],"curies":[{"name":"wp","href":"https:\/\/api.w.org\/{rel}","templated":true}]}}