{"id":63804,"date":"2025-10-25T15:34:47","date_gmt":"2025-10-25T12:34:47","guid":{"rendered":"https:\/\/www.egemtv.com\/?p=63804"},"modified":"2025-10-25T15:34:48","modified_gmt":"2025-10-25T12:34:48","slug":"veloturk-gran-fondo-cesmenin-basin-toplantisi-yapildi","status":"publish","type":"post","link":"https:\/\/www.egemtv.com\/?p=63804","title":{"rendered":"Veloturk Gran Fondo \u00c7e\u015fme\u2019nin bas\u0131n toplant\u0131s\u0131 yap\u0131ld\u0131"},"content":{"rendered":"<p>Bu y\u0131l 9. kez d\u00fczenlenecek Veloturk Gran Fondo \u00c7e\u015fme\u2019nin bas\u0131n toplant\u0131s\u0131 ger\u00e7ekle\u015ftirildi.<br \/>\n<br \/>Veloturk Gran Fondo \u00c7e\u015fme yar\u0131n 17 \u00fclkeden 715 sporcuyu kat\u0131l\u0131m\u0131yla yar\u0131n \u0130zmir\u2019in \u00c7e\u015fme il\u00e7esinde yap\u0131lacak. \u2019Bisiklete binmeyen \u00e7ocuk kalmas\u0131n\u2019 mottosuyla fark\u0131ndal\u0131k olu\u015fturulan organizasyon, \u2019Bir \u00c7ocuk G\u00fclerse D\u00fcnya G\u00fcler\u2019 projesine de destek olacak. \u00c7e\u015fme Kaymakaml\u0131\u011f\u0131 ve \u00c7e\u015fme Belediyesi\u2019nin ev sahipli\u011finde d\u00fczenlenecek yar\u0131\u015f, 91K, 67K ve 41K\u2019l\u0131k parkurlarda k\u0131yas\u0131ya m\u00fccadeleye sahne olacak. Gen\u00e7lik ve Spor Bakanl\u0131\u011f\u0131, \u0130zmir Valili\u011fi ve Bisiklet Federasyonu\u2019nun destekleriyle ger\u00e7ekle\u015fecek yar\u0131\u015f \u00f6ncesi d\u00fczenlenen bas\u0131n toplant\u0131s\u0131na; \u00c7e\u015fme Kaymakam\u0131 Mehmet Mara\u015fl\u0131, \u00c7e\u015fme Belediye Ba\u015fkan\u0131 Lal Denizli, \u00c7e\u015fme Belediyesi Ba\u015fkan Yard\u0131mc\u0131s\u0131 Banu Ayhan, \u00c7e\u015fme Belediyesi Gen\u00e7lik ve Spor Hizmetleri M\u00fcd\u00fcr\u00fc Yavuz Ya\u015far, Veloturk ekibinden Sarper G\u00fcnsal, Umut Duygu, Ayd\u0131n Delicanl\u0131, Berkem Ceylan, Argeus Travel &amp; Event Kurucu Orta\u011f\u0131 Ayd\u0131n Ayhan G\u00fcney ve bas\u0131n mensuplar\u0131 kat\u0131ld\u0131.<\/p>\n<p>Mehmet Mara\u015fl\u0131: &#8220;S\u00fcrd\u00fcr\u00fclebilir olmas\u0131 gayet \u00f6nemli&#8221;<br \/>\n<br \/>\u00c7e\u015fme il\u00e7esinin co\u011frafi \u00f6zellikleriyle bu t\u00fcr organizasyonlara ev sahipli\u011fi yapabilecek \u00f6zel bir b\u00f6lge oldu\u011fundan bahseden \u00c7e\u015fme Kaymakam\u0131 Mehmet Mara\u015fl\u0131, &#8220;Yaz aylar\u0131nda olduk\u00e7a yo\u011fun bir d\u00f6nem ge\u00e7iriyoruz ancak art\u0131k sonbaharda da \u00c7e\u015fme\u2019nin unutulmamas\u0131 i\u00e7in farkl\u0131 spor etkinlikleri d\u00fczenleniyor. Yap\u0131lan i\u015flerin s\u00fcrd\u00fcr\u00fclebilir olmas\u0131 ise bizim i\u00e7in son derece \u00f6nemli. Siz bu organizasyonlar\u0131 devam ettirdi\u011finiz s\u00fcrece biz de her zaman destek olaca\u011f\u0131z. Eme\u011fi ge\u00e7en herkese te\u015fekk\u00fcr ediyorum&#8221; ifadelerini kulland\u0131.<\/p>\n<p>Lal Denizli: &#8220;Kazas\u0131z belas\u0131z bir yar\u0131\u015f diliyorum&#8221;<br \/>\n<br \/>B\u00f6yle bir organizasyona ev sahipli\u011fi yapt\u0131klar\u0131 i\u00e7in \u00e7ok mutlu olduklar\u0131n\u0131 s\u00f6yleyen \u00c7e\u015fme Belediye Ba\u015fkan\u0131 Lal Denizli, &#8220;Bu hafta sonu hem Uluslararas\u0131 Kad\u0131n Liderler Zirvesi\u2019ne hem de Veloturk Gran Fondo \u00c7e\u015fme\u2019ye ev sahipli\u011fi yap\u0131yoruz. Bu t\u00fcr faaliyetlerin mutlaka artmas\u0131 gerekti\u011fine inan\u0131yorum. Umuyorum ki bu organizasyonlar, \u00c7e\u015fme\u2019de d\u00fczenlenecek nice etkinli\u011fe kap\u0131 a\u00e7ar. Bizler de her ay yeni turnuvalara ve farkl\u0131 sportif bran\u015flara ev sahipli\u011fi yapmaya devam edece\u011fiz. T\u00fcm sporculara kazas\u0131z belas\u0131z bir yar\u0131\u015f diliyorum&#8221; diye konu\u015ftu.<\/p>\n<p>Sarper G\u00fcnsal: &#8220;Amac\u0131m\u0131z, her insan\u0131n bisiklete binebilmesi&#8221;<br \/>\n<br \/>Kurulu\u015f ama\u00e7lar\u0131n\u0131n her insan\u0131n bisiklete binebilmesi amac\u0131yla kuruldu\u011funu belirten Veloturk ekibinden Sarper G\u00fcnsal ise, &#8220;Amac\u0131m\u0131z, her insan\u0131n bisiklete binebilmesi i\u00e7in bir ad\u0131m atmakt\u0131. Ekiple birlikte neler yapabiliriz diye d\u00fc\u015f\u00fcnd\u00fck ve ilk organizasyonumuzu \u00dcrg\u00fcp\u2019te ger\u00e7ekle\u015ftirdik. Sonras\u0131nda \u00c7e\u015fme\u2019den ba\u015fvurular geldi ve burada neden yapm\u0131yorsunuz diye soruldu; b\u00fcy\u00fck bir ilgi de topland\u0131. Buradaki t\u00fcm kay\u0131t \u00fccretlerini ihtiya\u00e7 sahibi \u00e7ocuklara bisiklet hediye etmek i\u00e7in kullanma karar\u0131 ald\u0131k&#8221; \u015feklinde konu\u015ftu.<\/p>\n<p>Ayd\u0131n Ayhan G\u00fcney: &#8220;A\u011fac\u0131n g\u00f6vdesi biziz, dallar\u0131 b\u00fcy\u00fcyor&#8221;<br \/>\n<br \/>Etkinli\u011fin T\u00fcrkiye\u2019deki en uzun soluklu sosyal sorumluluk projelerinden biri oldu\u011funu vurgulayan Gran Fondo \u00c7e\u015fme Organizat\u00f6r\u00fc Ayd\u0131n Ayhan G\u00fcney, &#8220;Elde edilen gelirlerle \u00e7ocuklara bisiklet hediye ediyoruz. Bug\u00fcne kadar Argeus olarak d\u00fczenledi\u011fimiz etkinliklerde sa\u011flad\u0131\u011f\u0131m\u0131z bisikletler 3 bin \u00e7ocu\u011fa ula\u015ft\u0131. Sadece \u00c7e\u015fme\u2019de de\u011fil, di\u011fer yar\u0131\u015flar\u0131m\u0131zda da sosyal sorumluluk projelerine \u00f6nem veriyoruz&#8221; dedi.<br \/><\/p>\n","protected":false},"excerpt":{"rendered":"<p>Bu y\u0131l 9. kez d\u00fczenlenecek Veloturk Gran Fondo \u00c7e\u015fme\u2019nin bas\u0131n toplant\u0131s\u0131 ger\u00e7ekle\u015ftirildi. Veloturk Gran Fondo \u00c7e\u015fme yar\u0131n 17 \u00fclkeden 715 sporcuyu kat\u0131l\u0131m\u0131yla yar\u0131n \u0130zmir\u2019in \u00c7e\u015fme il\u00e7esinde yap\u0131lacak. \u2019Bisiklete binmeyen \u00e7ocuk kalmas\u0131n\u2019 mottosuyla fark\u0131ndal\u0131k olu\u015fturulan organizasyon, \u2019Bir \u00c7ocuk G\u00fclerse D\u00fcnya G\u00fcler\u2019 projesine de destek olacak. \u00c7e\u015fme Kaymakaml\u0131\u011f\u0131 ve \u00c7e\u015fme Belediyesi\u2019nin ev sahipli\u011finde d\u00fczenlenecek yar\u0131\u015f, 91K, 67K&#8230;<\/p>\n","protected":false},"author":1,"featured_media":63805,"comment_status":"open","ping_status":"open","sticky":false,"template":"","format":"standard","meta":{"_crdt_document":"","footnotes":""},"categories":[4],"tags":[],"class_list":["post-63804","post","type-post","status-publish","format-standard","has-post-thumbnail","hentry","category-spor"],"_links":{"self":[{"href":"https:\/\/www.egemtv.com\/index.php?rest_route=\/wp\/v2\/posts\/63804","targetHints":{"allow":["GET"]}}],"collection":[{"href":"https:\/\/www.egemtv.com\/index.php?rest_route=\/wp\/v2\/posts"}],"about":[{"href":"https:\/\/www.egemtv.com\/index.php?rest_route=\/wp\/v2\/types\/post"}],"author":[{"embeddable":true,"href":"https:\/\/www.egemtv.com\/index.php?rest_route=\/wp\/v2\/users\/1"}],"replies":[{"embeddable":true,"href":"https:\/\/www.egemtv.com\/index.php?rest_route=%2Fwp%2Fv2%2Fcomments&post=63804"}],"version-history":[{"count":1,"href":"https:\/\/www.egemtv.com\/index.php?rest_route=\/wp\/v2\/posts\/63804\/revisions"}],"predecessor-version":[{"id":63806,"href":"https:\/\/www.egemtv.com\/index.php?rest_route=\/wp\/v2\/posts\/63804\/revisions\/63806"}],"wp:featuredmedia":[{"embeddable":true,"href":"https:\/\/www.egemtv.com\/index.php?rest_route=\/wp\/v2\/media\/63805"}],"wp:attachment":[{"href":"https:\/\/www.egemtv.com\/index.php?rest_route=%2Fwp%2Fv2%2Fmedia&parent=63804"}],"wp:term":[{"taxonomy":"category","embeddable":true,"href":"https:\/\/www.egemtv.com\/index.php?rest_route=%2Fwp%2Fv2%2Fcategories&post=63804"},{"taxonomy":"post_tag","embeddable":true,"href":"https:\/\/www.egemtv.com\/index.php?rest_route=%2Fwp%2Fv2%2Ftags&post=63804"}],"curies":[{"name":"wp","href":"https:\/\/api.w.org\/{rel}","templated":true}]}}