{"id":63801,"date":"2025-10-25T15:34:42","date_gmt":"2025-10-25T12:34:42","guid":{"rendered":"https:\/\/www.egemtv.com\/?p=63801"},"modified":"2025-10-25T15:34:43","modified_gmt":"2025-10-25T12:34:43","slug":"kutahya-osb-personellerine-sahlep-ikrami","status":"publish","type":"post","link":"https:\/\/www.egemtv.com\/?p=63801","title":{"rendered":"K\u00fctahya OSB personellerine sahlep ikram\u0131"},"content":{"rendered":"<p>K\u00fctahya Organize Sanayi B\u00f6lgesi (OSB) M\u00fcd\u00fcrl\u00fc\u011f\u00fc, personellerin yo\u011fun i\u015f temposundan k\u0131sa bir s\u00fcre uzakla\u015f\u0131p keyifli vakit ge\u00e7irmeleri amac\u0131yla sahlep ikram etkinli\u011fi d\u00fczenledi.<br \/>\n<br \/>K\u00fctahya OSB M\u00fcd\u00fcrl\u00fc\u011f\u00fc sosyal alan\u0131nda ger\u00e7ekle\u015ftirilen etkinlikte, personeller s\u0131cak sahlepler e\u015fli\u011finde sohbet etme f\u0131rsat\u0131 buldu. G\u00fcn\u00fcn stresinden uzak, samimi bir atmosferde ge\u00e7en etkinlik, \u00e7al\u0131\u015fanlar aras\u0131nda birlik, beraberlik ve motivasyonun g\u00fc\u00e7lenmesine katk\u0131 sa\u011flad\u0131.<br \/>\n<br \/>Etkinli\u011fe kat\u0131lan K\u00fctahya Organize Sanayi B\u00f6lgesi Y\u00f6netim Kurulu Ba\u015fkan\u0131 Tolga Eskio\u011flu, \u00e7al\u0131\u015fanlarla bir araya gelerek sohbet etti ve g\u00f6r\u00fc\u015f al\u0131\u015fveri\u015finde bulundu. Eskio\u011flu, K\u00fctahya OSB M\u00fcd\u00fcrl\u00fc\u011f\u00fc ailesinin dayan\u0131\u015fma k\u00fclt\u00fcr\u00fcn\u00fcn bu t\u00fcr etkinliklerle daha da peki\u015fti\u011fini ifade etti.<br \/><\/p>\n","protected":false},"excerpt":{"rendered":"<p>K\u00fctahya Organize Sanayi B\u00f6lgesi (OSB) M\u00fcd\u00fcrl\u00fc\u011f\u00fc, personellerin yo\u011fun i\u015f temposundan k\u0131sa bir s\u00fcre uzakla\u015f\u0131p keyifli vakit ge\u00e7irmeleri amac\u0131yla sahlep ikram etkinli\u011fi d\u00fczenledi. K\u00fctahya OSB M\u00fcd\u00fcrl\u00fc\u011f\u00fc sosyal alan\u0131nda ger\u00e7ekle\u015ftirilen etkinlikte, personeller s\u0131cak sahlepler e\u015fli\u011finde sohbet etme f\u0131rsat\u0131 buldu. G\u00fcn\u00fcn stresinden uzak, samimi bir atmosferde ge\u00e7en etkinlik, \u00e7al\u0131\u015fanlar aras\u0131nda birlik, beraberlik ve motivasyonun g\u00fc\u00e7lenmesine katk\u0131 sa\u011flad\u0131. Etkinli\u011fe&#8230;<\/p>\n","protected":false},"author":1,"featured_media":63802,"comment_status":"open","ping_status":"open","sticky":false,"template":"","format":"standard","meta":{"_crdt_document":"","footnotes":""},"categories":[123],"tags":[],"class_list":["post-63801","post","type-post","status-publish","format-standard","has-post-thumbnail","hentry","category-gundem"],"_links":{"self":[{"href":"https:\/\/www.egemtv.com\/index.php?rest_route=\/wp\/v2\/posts\/63801","targetHints":{"allow":["GET"]}}],"collection":[{"href":"https:\/\/www.egemtv.com\/index.php?rest_route=\/wp\/v2\/posts"}],"about":[{"href":"https:\/\/www.egemtv.com\/index.php?rest_route=\/wp\/v2\/types\/post"}],"author":[{"embeddable":true,"href":"https:\/\/www.egemtv.com\/index.php?rest_route=\/wp\/v2\/users\/1"}],"replies":[{"embeddable":true,"href":"https:\/\/www.egemtv.com\/index.php?rest_route=%2Fwp%2Fv2%2Fcomments&post=63801"}],"version-history":[{"count":1,"href":"https:\/\/www.egemtv.com\/index.php?rest_route=\/wp\/v2\/posts\/63801\/revisions"}],"predecessor-version":[{"id":63803,"href":"https:\/\/www.egemtv.com\/index.php?rest_route=\/wp\/v2\/posts\/63801\/revisions\/63803"}],"wp:featuredmedia":[{"embeddable":true,"href":"https:\/\/www.egemtv.com\/index.php?rest_route=\/wp\/v2\/media\/63802"}],"wp:attachment":[{"href":"https:\/\/www.egemtv.com\/index.php?rest_route=%2Fwp%2Fv2%2Fmedia&parent=63801"}],"wp:term":[{"taxonomy":"category","embeddable":true,"href":"https:\/\/www.egemtv.com\/index.php?rest_route=%2Fwp%2Fv2%2Fcategories&post=63801"},{"taxonomy":"post_tag","embeddable":true,"href":"https:\/\/www.egemtv.com\/index.php?rest_route=%2Fwp%2Fv2%2Ftags&post=63801"}],"curies":[{"name":"wp","href":"https:\/\/api.w.org\/{rel}","templated":true}]}}