{"id":63798,"date":"2025-10-25T15:16:15","date_gmt":"2025-10-25T12:16:15","guid":{"rendered":"https:\/\/www.egemtv.com\/?p=63798"},"modified":"2025-10-25T15:16:16","modified_gmt":"2025-10-25T12:16:16","slug":"denizin-kizlari-the-bodrum-cupta-ruzgarla-bulustu","status":"publish","type":"post","link":"https:\/\/www.egemtv.com\/?p=63798","title":{"rendered":"Denizin K\u0131zlar\u0131, The Bodrum Cup\u2019ta r\u00fczgarla bulu\u015ftu"},"content":{"rendered":"<p>T\u00fcrkiye Hentbol Federasyonu taraf\u0131ndan d\u00fczenlenen \u015fampiyonada T\u00fcrkiye 2.\u2019si olan Armada Praxis Yal\u0131kavak Spor\u2019un k\u00fc\u00e7\u00fck k\u0131zlar hentbol tak\u0131m\u0131, bu kez sahalardan denizlere uzand\u0131.<br \/>\n<br \/>Gen\u00e7 hentbolcular, T\u00fcrkiye\u2019nin en k\u00f6kl\u00fc deniz organizasyonlar\u0131ndan biri olan Maximiles Black The Bodrum Cup\u2019\u0131n 37. y\u0131l\u0131nda d\u00fczenlenen Yal\u0131kavak-Bodrum etab\u0131na \u00f6zel davetle konuk olarak kat\u0131ld\u0131.<br \/>\n<br \/>Organizasyonun \u2019Nesillerce\u2019 temas\u0131yla uyumlu olarak gelece\u011fin sporcular\u0131n\u0131 denizcilik k\u00fclt\u00fcr\u00fcyle bulu\u015fturan The Bodrum Cup, minik hentbolculara dayan\u0131\u015fma ve ekip ruhunu deniz \u00fczerinde ya\u015fama imkan\u0131 sundu. Yar\u0131\u015f atmosferini yerinde deneyimleyen Denizin K\u0131zlar\u0131, Ege\u2019nin r\u00fczgar\u0131 ve Bodrum\u2019un e\u015fsiz deniz k\u00fclt\u00fcr\u00fcyle unutulmaz bir g\u00fcn ge\u00e7irdi.<br \/>\n<br \/>Yal\u0131kavak Spor Kul\u00fcb\u00fc Ba\u015fkan\u0131 Emin Palal\u0131, Bodrum\u2019un deniz ruhunu ya\u015fatan bu anlaml\u0131 organizasyonda yer almaktan b\u00fcy\u00fck mutluluk duyduklar\u0131n\u0131 s\u00f6yleyerek, &#8220;Gen\u00e7 sporcular\u0131m\u0131z i\u00e7in unutulmaz bir deneyim oldu. The Bodrum Cup ekibine misafirperverlikleri i\u00e7in te\u015fekk\u00fcr ediyoruz&#8221; dedi.<br \/>\n<br \/>1989 y\u0131l\u0131ndan bu yana Ege\u2019nin mavi sular\u0131nda yelken tutkusunu ya\u015fatan The Bodrum Cup, bu y\u0131l da sporun, dostlu\u011fun ve k\u00fclt\u00fcr\u00fcn bir araya geldi\u011fi \u00f6nemli bulu\u015fmalardan biri oldu.<br \/><\/p>\n","protected":false},"excerpt":{"rendered":"<p>T\u00fcrkiye Hentbol Federasyonu taraf\u0131ndan d\u00fczenlenen \u015fampiyonada T\u00fcrkiye 2.\u2019si olan Armada Praxis Yal\u0131kavak Spor\u2019un k\u00fc\u00e7\u00fck k\u0131zlar hentbol tak\u0131m\u0131, bu kez sahalardan denizlere uzand\u0131. Gen\u00e7 hentbolcular, T\u00fcrkiye\u2019nin en k\u00f6kl\u00fc deniz organizasyonlar\u0131ndan biri olan Maximiles Black The Bodrum Cup\u2019\u0131n 37. y\u0131l\u0131nda d\u00fczenlenen Yal\u0131kavak-Bodrum etab\u0131na \u00f6zel davetle konuk olarak kat\u0131ld\u0131. Organizasyonun \u2019Nesillerce\u2019 temas\u0131yla uyumlu olarak gelece\u011fin sporcular\u0131n\u0131 denizcilik k\u00fclt\u00fcr\u00fcyle&#8230;<\/p>\n","protected":false},"author":1,"featured_media":63799,"comment_status":"open","ping_status":"open","sticky":false,"template":"","format":"standard","meta":{"_crdt_document":"","footnotes":""},"categories":[4],"tags":[],"class_list":["post-63798","post","type-post","status-publish","format-standard","has-post-thumbnail","hentry","category-spor"],"_links":{"self":[{"href":"https:\/\/www.egemtv.com\/index.php?rest_route=\/wp\/v2\/posts\/63798","targetHints":{"allow":["GET"]}}],"collection":[{"href":"https:\/\/www.egemtv.com\/index.php?rest_route=\/wp\/v2\/posts"}],"about":[{"href":"https:\/\/www.egemtv.com\/index.php?rest_route=\/wp\/v2\/types\/post"}],"author":[{"embeddable":true,"href":"https:\/\/www.egemtv.com\/index.php?rest_route=\/wp\/v2\/users\/1"}],"replies":[{"embeddable":true,"href":"https:\/\/www.egemtv.com\/index.php?rest_route=%2Fwp%2Fv2%2Fcomments&post=63798"}],"version-history":[{"count":1,"href":"https:\/\/www.egemtv.com\/index.php?rest_route=\/wp\/v2\/posts\/63798\/revisions"}],"predecessor-version":[{"id":63800,"href":"https:\/\/www.egemtv.com\/index.php?rest_route=\/wp\/v2\/posts\/63798\/revisions\/63800"}],"wp:featuredmedia":[{"embeddable":true,"href":"https:\/\/www.egemtv.com\/index.php?rest_route=\/wp\/v2\/media\/63799"}],"wp:attachment":[{"href":"https:\/\/www.egemtv.com\/index.php?rest_route=%2Fwp%2Fv2%2Fmedia&parent=63798"}],"wp:term":[{"taxonomy":"category","embeddable":true,"href":"https:\/\/www.egemtv.com\/index.php?rest_route=%2Fwp%2Fv2%2Fcategories&post=63798"},{"taxonomy":"post_tag","embeddable":true,"href":"https:\/\/www.egemtv.com\/index.php?rest_route=%2Fwp%2Fv2%2Ftags&post=63798"}],"curies":[{"name":"wp","href":"https:\/\/api.w.org\/{rel}","templated":true}]}}