{"id":63795,"date":"2025-10-25T15:16:11","date_gmt":"2025-10-25T12:16:11","guid":{"rendered":"https:\/\/www.egemtv.com\/?p=63795"},"modified":"2025-10-25T15:16:13","modified_gmt":"2025-10-25T12:16:13","slug":"bodrum-cupta-final-heyecani","status":"publish","type":"post","link":"https:\/\/www.egemtv.com\/?p=63795","title":{"rendered":"Bodrum Cup\u2019ta final heyecan\u0131"},"content":{"rendered":"<p>Ege\u2019nin en b\u00fcy\u00fck deniz festivali Maximiles Black The Bodrum Cup\u2019ta final heyecan\u0131 ya\u015fan\u0131yor. 37. y\u0131l\u0131nda \u2019Nesillerce\u2019 temas\u0131yla d\u00fczenlenen organizasyon, ger\u00e7ekle\u015ftirilen etap ile sona erecek.<br \/>\n<br \/>Bodrum a\u00e7\u0131klar\u0131nda 15 deniz millik parkurda yelken a\u00e7an tekneler, g\u00fcn boyunca son puanlar\u0131 toplamak i\u00e7in r\u00fczgarla m\u00fccadele ediyor. Her y\u0131l binlerce deniz tutkununu bir araya getiren The Bodrum Cup, bu y\u0131l da sadece bir yar\u0131\u015f de\u011fil, dostlu\u011fun, eme\u011fin ve ku\u015faklar aras\u0131 deniz sevgisinin sembol\u00fc oldu.<br \/>\n<br \/>The Bodrum Cup Organizasyon Komitesi Ba\u015fkan\u0131 S\u00fcleyman Uysal, yar\u0131\u015f\u0131n son g\u00fcn\u00fcne ili\u015fkin yapt\u0131\u011f\u0131 a\u00e7\u0131klamada, &#8220;37 y\u0131ld\u0131r s\u00fcren bu b\u00fcy\u00fck yolculuk, bu etapla daha da anlaml\u0131 hale geldi. The Bodrum Cup, denizcili\u011fi bir ya\u015fam bi\u00e7imi olarak g\u00f6ren herkesi ayn\u0131 r\u00fczgar\u0131n alt\u0131nda bulu\u015fturdu. Bu miras\u0131 gelece\u011fe ta\u015f\u0131maktan gurur duyuyoruz&#8221; dedi.<br \/>\n<br \/>Ak\u015fam saatlerinde A\u011fanlar Tersanesi\u2019nde d\u00fczenlenecek t\u00f6renle dereceye giren ekipler \u00f6d\u00fcllerini alacak. Gaye Su Akyol\u2019un sahne alaca\u011f\u0131 konserle 37. y\u0131l co\u015fkusu m\u00fczikle ta\u00e7lanacak.<br \/>\n<br \/>Bir hafta boyunca deniz, dostluk ve m\u00fczikle dolan Bodrum sular\u0131nda yelkenler bu ak\u015fam son kez fora edilecek.<br \/><\/p>\n","protected":false},"excerpt":{"rendered":"<p>Ege\u2019nin en b\u00fcy\u00fck deniz festivali Maximiles Black The Bodrum Cup\u2019ta final heyecan\u0131 ya\u015fan\u0131yor. 37. y\u0131l\u0131nda \u2019Nesillerce\u2019 temas\u0131yla d\u00fczenlenen organizasyon, ger\u00e7ekle\u015ftirilen etap ile sona erecek. Bodrum a\u00e7\u0131klar\u0131nda 15 deniz millik parkurda yelken a\u00e7an tekneler, g\u00fcn boyunca son puanlar\u0131 toplamak i\u00e7in r\u00fczgarla m\u00fccadele ediyor. Her y\u0131l binlerce deniz tutkununu bir araya getiren The Bodrum Cup, bu y\u0131l&#8230;<\/p>\n","protected":false},"author":1,"featured_media":63796,"comment_status":"open","ping_status":"open","sticky":false,"template":"","format":"standard","meta":{"_crdt_document":"","footnotes":""},"categories":[4],"tags":[],"class_list":["post-63795","post","type-post","status-publish","format-standard","has-post-thumbnail","hentry","category-spor"],"_links":{"self":[{"href":"https:\/\/www.egemtv.com\/index.php?rest_route=\/wp\/v2\/posts\/63795","targetHints":{"allow":["GET"]}}],"collection":[{"href":"https:\/\/www.egemtv.com\/index.php?rest_route=\/wp\/v2\/posts"}],"about":[{"href":"https:\/\/www.egemtv.com\/index.php?rest_route=\/wp\/v2\/types\/post"}],"author":[{"embeddable":true,"href":"https:\/\/www.egemtv.com\/index.php?rest_route=\/wp\/v2\/users\/1"}],"replies":[{"embeddable":true,"href":"https:\/\/www.egemtv.com\/index.php?rest_route=%2Fwp%2Fv2%2Fcomments&post=63795"}],"version-history":[{"count":1,"href":"https:\/\/www.egemtv.com\/index.php?rest_route=\/wp\/v2\/posts\/63795\/revisions"}],"predecessor-version":[{"id":63797,"href":"https:\/\/www.egemtv.com\/index.php?rest_route=\/wp\/v2\/posts\/63795\/revisions\/63797"}],"wp:featuredmedia":[{"embeddable":true,"href":"https:\/\/www.egemtv.com\/index.php?rest_route=\/wp\/v2\/media\/63796"}],"wp:attachment":[{"href":"https:\/\/www.egemtv.com\/index.php?rest_route=%2Fwp%2Fv2%2Fmedia&parent=63795"}],"wp:term":[{"taxonomy":"category","embeddable":true,"href":"https:\/\/www.egemtv.com\/index.php?rest_route=%2Fwp%2Fv2%2Fcategories&post=63795"},{"taxonomy":"post_tag","embeddable":true,"href":"https:\/\/www.egemtv.com\/index.php?rest_route=%2Fwp%2Fv2%2Ftags&post=63795"}],"curies":[{"name":"wp","href":"https:\/\/api.w.org\/{rel}","templated":true}]}}