{"id":63786,"date":"2025-10-25T14:55:49","date_gmt":"2025-10-25T11:55:49","guid":{"rendered":"https:\/\/www.egemtv.com\/?p=63786"},"modified":"2025-10-25T14:55:51","modified_gmt":"2025-10-25T11:55:51","slug":"kusadasinda-nazimin-dizeleri-9-farkli-dilde-yankilandi","status":"publish","type":"post","link":"https:\/\/www.egemtv.com\/?p=63786","title":{"rendered":"Ku\u015fadas\u0131\u2019nda Naz\u0131m\u2019\u0131n dizeleri 9 farkl\u0131 dilde yank\u0131land\u0131"},"content":{"rendered":"<p>Ku\u015fadas\u0131\u2019nda, Ku\u015fadas\u0131 Belediyesi ve K\u0131br\u0131s Balkanlar Avrasya T\u00fcrk Edebiyatlar\u0131 Kurumu Derne\u011fi (KIBATEK) taraf\u0131ndan T\u00fcrk Edebiyat\u0131\u2019n\u0131n usta \u015fairi Naz\u0131m Hikmet Ran\u2019\u0131 anmak i\u00e7in etkinlik d\u00fczenlendi.<\/p>\n<p>Onur konu\u011funun Eski Devlet Bakan\u0131 ve TBMM Eski Ba\u015fkan Vekili Prof. Dr. Y\u00fcksel Yalova\u2019n\u0131n oldu\u011fu etkinlikte, 9 farkl\u0131 \u00fclkeden gelen \u015fair, yazar, edebiyat\u00e7\u0131 ve akademisyenler Naz\u0131m\u2019\u0131n \u015fiirlerini kendi dillerinde okudu.<\/p>\n<p>Sayg\u0131 duru\u015funda bulunulmas\u0131 ve \u0130stiklal Mar\u015f\u0131\u2019n\u0131n okunmas\u0131yla ba\u015flayan etkinlik, Naz\u0131m\u2019\u0131n hayat\u0131n\u0131 anlatan sinevizyon g\u00f6sterisi ile devam etti. Etkinli\u011fin onur konu\u011fu olan Eski Devlet Bakan\u0131 ve TBMM Eski Ba\u015fkan Vekili Prof. Dr. Y\u00fcksel Yalova, gecede Naz\u0131m Hikmet\u2019i canland\u0131rd\u0131. Etkinlikte, Azerbeycan, Do\u011fu T\u00fcrkistan, Kazakistan, Hindistan, Polonya, Hollanda, Almanya, \u0130talya ve Bulgaristan gibi 9 farkl\u0131 \u00fclkeden gelen kat\u0131l\u0131mc\u0131lar, Naz\u0131m Hikmet Ran\u2019\u0131n \u015fiirlerini kendi dillerinde okuyup, usta \u015fairi sayg\u0131yla and\u0131. Gecede \u015fiirlerin yan\u0131 s\u0131ra yurt d\u0131\u015f\u0131ndan gelen kat\u0131l\u0131mc\u0131lar izleyenlere m\u00fczik konseri sundu. Naz\u0131m Hikmet Ran Edebiyat G\u00fcnleri, yar\u0131n (cumartesi) etkinli\u011fe kat\u0131lan sanat\u00e7\u0131lara plaket takdimiyle sona erecek.<\/p>\n<p>Etkinli\u011fin a\u00e7\u0131l\u0131\u015f konu\u015fmas\u0131n\u0131 yapan Ku\u015fadas\u0131 Belediye Ba\u015fkan Vekili Nil\u00fcfer Tekta\u015f Cevahir, &#8220;Ayd\u0131nl\u0131k bir gelecek i\u00e7in sanatla, edebiyatla, \u015fiirle yanmay\u0131 ve insana, umuda ve bar\u0131\u015fa inanmay\u0131 se\u00e7iyoruz. Bug\u00fcn Naz\u0131m Hikmet Ran Edebiyat G\u00fcnleri kapsam\u0131nda edebiyat\u0131n birle\u015ftirici g\u00fcc\u00fcyle \u00e7ok de\u011ferli isimlerle bir araya geldik. Naz\u0131m Hikmet sadece T\u00fcrk Edebiyat\u0131n\u0131n de\u011fil, d\u00fcnya edebiyat\u0131n\u0131n da en parlak y\u0131ld\u0131zlar\u0131ndan biridir. Onun kelimeleri co\u011frafyalar\u0131 a\u015fan bir vicdan\u0131n, \u00f6zg\u00fcrl\u00fc\u011f\u00fcn ve insan\u0131n sevgisidir. Bu anlaml\u0131 etkinlikte eme\u011fi ge\u00e7en herkese te\u015fekk\u00fcr ediyor ve t\u00fcm misafirlerimize ho\u015fgeldiniz diyorum. Ku\u015fadas\u0131 Belediye Ba\u015fkan\u0131 \u00d6mer G\u00fcnel\u2019in de sizlere sevgi ve sayg\u0131lar\u0131n\u0131 iletiyorum&#8221; dedi.<\/p>\n<p>Etkinli\u011fin Genel Koordinat\u00f6r\u00fc Leyla I\u015f\u0131k ise, &#8220;Bug\u00fcn b\u00fcy\u00fck bir edebiyat\u00e7\u0131 ve insanl\u0131k savunucusu olan Naz\u0131m Hikmet\u2019i anmak ve onun miras\u0131n\u0131 ya\u015fatmak amac\u0131yla burada toplanm\u0131\u015f bulunuyoruz. Naz\u0131m Hikmet sadece T\u00fcrk Edebiyat\u0131n\u0131n de\u011fil, d\u00fcnya edebiyat\u0131n\u0131n da en \u00f6nemli isimlerinden birisidir&#8221; diye konu\u015ftu.<br \/><\/p>\n","protected":false},"excerpt":{"rendered":"<p>Ku\u015fadas\u0131\u2019nda, Ku\u015fadas\u0131 Belediyesi ve K\u0131br\u0131s Balkanlar Avrasya T\u00fcrk Edebiyatlar\u0131 Kurumu Derne\u011fi (KIBATEK) taraf\u0131ndan T\u00fcrk Edebiyat\u0131\u2019n\u0131n usta \u015fairi Naz\u0131m Hikmet Ran\u2019\u0131 anmak i\u00e7in etkinlik d\u00fczenlendi. Onur konu\u011funun Eski Devlet Bakan\u0131 ve TBMM Eski Ba\u015fkan Vekili Prof. Dr. Y\u00fcksel Yalova\u2019n\u0131n oldu\u011fu etkinlikte, 9 farkl\u0131 \u00fclkeden gelen \u015fair, yazar, edebiyat\u00e7\u0131 ve akademisyenler Naz\u0131m\u2019\u0131n \u015fiirlerini kendi dillerinde okudu. Sayg\u0131&#8230;<\/p>\n","protected":false},"author":1,"featured_media":63787,"comment_status":"open","ping_status":"open","sticky":false,"template":"","format":"standard","meta":{"_crdt_document":"","footnotes":""},"categories":[1],"tags":[],"class_list":["post-63786","post","type-post","status-publish","format-standard","has-post-thumbnail","hentry","category-guncel"],"_links":{"self":[{"href":"https:\/\/www.egemtv.com\/index.php?rest_route=\/wp\/v2\/posts\/63786","targetHints":{"allow":["GET"]}}],"collection":[{"href":"https:\/\/www.egemtv.com\/index.php?rest_route=\/wp\/v2\/posts"}],"about":[{"href":"https:\/\/www.egemtv.com\/index.php?rest_route=\/wp\/v2\/types\/post"}],"author":[{"embeddable":true,"href":"https:\/\/www.egemtv.com\/index.php?rest_route=\/wp\/v2\/users\/1"}],"replies":[{"embeddable":true,"href":"https:\/\/www.egemtv.com\/index.php?rest_route=%2Fwp%2Fv2%2Fcomments&post=63786"}],"version-history":[{"count":1,"href":"https:\/\/www.egemtv.com\/index.php?rest_route=\/wp\/v2\/posts\/63786\/revisions"}],"predecessor-version":[{"id":63788,"href":"https:\/\/www.egemtv.com\/index.php?rest_route=\/wp\/v2\/posts\/63786\/revisions\/63788"}],"wp:featuredmedia":[{"embeddable":true,"href":"https:\/\/www.egemtv.com\/index.php?rest_route=\/wp\/v2\/media\/63787"}],"wp:attachment":[{"href":"https:\/\/www.egemtv.com\/index.php?rest_route=%2Fwp%2Fv2%2Fmedia&parent=63786"}],"wp:term":[{"taxonomy":"category","embeddable":true,"href":"https:\/\/www.egemtv.com\/index.php?rest_route=%2Fwp%2Fv2%2Fcategories&post=63786"},{"taxonomy":"post_tag","embeddable":true,"href":"https:\/\/www.egemtv.com\/index.php?rest_route=%2Fwp%2Fv2%2Ftags&post=63786"}],"curies":[{"name":"wp","href":"https:\/\/api.w.org\/{rel}","templated":true}]}}