{"id":63783,"date":"2025-10-25T14:55:46","date_gmt":"2025-10-25T11:55:46","guid":{"rendered":"https:\/\/www.egemtv.com\/?p=63783"},"modified":"2025-10-25T14:55:48","modified_gmt":"2025-10-25T11:55:48","slug":"salihli-kaymakami-guldogan-esnafin-talep-ve-sorunlarini-dinledi","status":"publish","type":"post","link":"https:\/\/www.egemtv.com\/?p=63783","title":{"rendered":"Salihli Kaymakam\u0131 G\u00fcldo\u011fan, esnaf\u0131n talep ve sorunlar\u0131n\u0131 dinledi"},"content":{"rendered":"<p>Manisa\u2019n\u0131n Salihli il\u00e7e Kaymakam\u0131 Ali G\u00fcldo\u011fan, il\u00e7edeki esnafla bir araya gelmeye devam ediyor.<br \/>\n<br \/>Kaymakam G\u00fcldo\u011fan, bu kez Eskicami Mahallesi\u2019nde faaliyet g\u00f6steren esnaflar\u0131 ziyaret ederek, i\u015f yerlerinde incelemelerde bulundu.<br \/>\n<br \/>Ziyaret s\u0131ras\u0131nda esnaf ve vatanda\u015flarla sohbet eden G\u00fcldo\u011fan, talep ve \u00f6nerileri dinledi. Samimi bir ortamda ger\u00e7ekle\u015fen ziyarette Kaymakam G\u00fcldo\u011fan, &#8220;T\u00fcm esnaf\u0131m\u0131za hay\u0131rl\u0131 i\u015fler, bol ve bereketli kazan\u00e7lar diliyorum.&#8221; ifadelerini kulland\u0131.<br \/>\n<br \/>Kaymakam G\u00fcldo\u011fan\u2019a esnaf ziyaretinde \u0130l\u00e7e Emniyet M\u00fcd\u00fcr\u00fc Burhan Demirk\u0131ran da e\u015flik etti.<br \/><\/p>\n","protected":false},"excerpt":{"rendered":"<p>Manisa\u2019n\u0131n Salihli il\u00e7e Kaymakam\u0131 Ali G\u00fcldo\u011fan, il\u00e7edeki esnafla bir araya gelmeye devam ediyor. Kaymakam G\u00fcldo\u011fan, bu kez Eskicami Mahallesi\u2019nde faaliyet g\u00f6steren esnaflar\u0131 ziyaret ederek, i\u015f yerlerinde incelemelerde bulundu. Ziyaret s\u0131ras\u0131nda esnaf ve vatanda\u015flarla sohbet eden G\u00fcldo\u011fan, talep ve \u00f6nerileri dinledi. Samimi bir ortamda ger\u00e7ekle\u015fen ziyarette Kaymakam G\u00fcldo\u011fan, &#8220;T\u00fcm esnaf\u0131m\u0131za hay\u0131rl\u0131 i\u015fler, bol ve bereketli kazan\u00e7lar&#8230;<\/p>\n","protected":false},"author":1,"featured_media":63784,"comment_status":"open","ping_status":"open","sticky":false,"template":"","format":"standard","meta":{"_crdt_document":"","footnotes":""},"categories":[123],"tags":[],"class_list":["post-63783","post","type-post","status-publish","format-standard","has-post-thumbnail","hentry","category-gundem"],"_links":{"self":[{"href":"https:\/\/www.egemtv.com\/index.php?rest_route=\/wp\/v2\/posts\/63783","targetHints":{"allow":["GET"]}}],"collection":[{"href":"https:\/\/www.egemtv.com\/index.php?rest_route=\/wp\/v2\/posts"}],"about":[{"href":"https:\/\/www.egemtv.com\/index.php?rest_route=\/wp\/v2\/types\/post"}],"author":[{"embeddable":true,"href":"https:\/\/www.egemtv.com\/index.php?rest_route=\/wp\/v2\/users\/1"}],"replies":[{"embeddable":true,"href":"https:\/\/www.egemtv.com\/index.php?rest_route=%2Fwp%2Fv2%2Fcomments&post=63783"}],"version-history":[{"count":1,"href":"https:\/\/www.egemtv.com\/index.php?rest_route=\/wp\/v2\/posts\/63783\/revisions"}],"predecessor-version":[{"id":63785,"href":"https:\/\/www.egemtv.com\/index.php?rest_route=\/wp\/v2\/posts\/63783\/revisions\/63785"}],"wp:featuredmedia":[{"embeddable":true,"href":"https:\/\/www.egemtv.com\/index.php?rest_route=\/wp\/v2\/media\/63784"}],"wp:attachment":[{"href":"https:\/\/www.egemtv.com\/index.php?rest_route=%2Fwp%2Fv2%2Fmedia&parent=63783"}],"wp:term":[{"taxonomy":"category","embeddable":true,"href":"https:\/\/www.egemtv.com\/index.php?rest_route=%2Fwp%2Fv2%2Fcategories&post=63783"},{"taxonomy":"post_tag","embeddable":true,"href":"https:\/\/www.egemtv.com\/index.php?rest_route=%2Fwp%2Fv2%2Ftags&post=63783"}],"curies":[{"name":"wp","href":"https:\/\/api.w.org\/{rel}","templated":true}]}}