{"id":63780,"date":"2025-10-25T14:55:43","date_gmt":"2025-10-25T11:55:43","guid":{"rendered":"https:\/\/www.egemtv.com\/?p=63780"},"modified":"2025-10-25T14:55:45","modified_gmt":"2025-10-25T11:55:45","slug":"silah-kacakcisina-operasyon-adli-kontrolle-serbest-birakildi","status":"publish","type":"post","link":"https:\/\/www.egemtv.com\/?p=63780","title":{"rendered":"Silah ka\u00e7ak\u00e7\u0131s\u0131na operasyon: Adli kontrolle serbest b\u0131rak\u0131ld\u0131"},"content":{"rendered":"<p>Manisa\u2019n\u0131n Ala\u015fehir il\u00e7esinde Jandarma Su\u00e7 Ara\u015ft\u0131rma Timi (JASAT) ve Ala\u015fehir \u0130l\u00e7e Jandarma Komutanl\u0131\u011f\u0131 ekiplerince silah ka\u00e7ak\u00e7\u0131s\u0131 oldu\u011fu belirlenen \u015fahsa ger\u00e7ekle\u015ftirilen operasyonda 5 adet ruhsats\u0131z tabanca ve 139 adet tabanca fi\u015fe\u011fi ele ge\u00e7irildi. \u015eah\u0131s \u00e7\u0131kar\u0131ld\u0131\u011f\u0131 mahkemece adli kontrol \u015fart\u0131yla serbest b\u0131rak\u0131ld\u0131.<br \/>\n<br \/>Manisa\u2019n\u0131n Ala\u015fehir il\u00e7esinde Jandarma Su\u00e7 Ara\u015ft\u0131rma Timi (JASAT) ve Ala\u015fehir \u0130l\u00e7e Jandarma Komutanl\u0131\u011f\u0131 ekipler taraf\u0131ndan silah ka\u00e7ak\u00e7\u0131s\u0131 oldu\u011fu belirlenen K.\u015e. (25)\u2019ye y\u00f6nelik operasyon d\u00fczenlendi. K.\u015e. (25) isimli \u015fahs\u0131n ikametinde, eklentilerinde ve ba\u011f evinde yap\u0131lan aramalarda 5 adet ruhsats\u0131z tabanca ve 139 adet tabanca fi\u015fe\u011fi ele ge\u00e7irildi.<br \/>\n<br \/>G\u00f6zalt\u0131na al\u0131narak jandarma komutanl\u0131\u011f\u0131na g\u00f6t\u00fcr\u00fclen K.\u015e., buradaki i\u015flemlerinin ard\u0131ndan sevk edildi\u011fi mahkemece adli kontrol \u015fart\u0131yla serbest b\u0131rak\u0131ld\u0131.<br \/><\/p>\n","protected":false},"excerpt":{"rendered":"<p>Manisa\u2019n\u0131n Ala\u015fehir il\u00e7esinde Jandarma Su\u00e7 Ara\u015ft\u0131rma Timi (JASAT) ve Ala\u015fehir \u0130l\u00e7e Jandarma Komutanl\u0131\u011f\u0131 ekiplerince silah ka\u00e7ak\u00e7\u0131s\u0131 oldu\u011fu belirlenen \u015fahsa ger\u00e7ekle\u015ftirilen operasyonda 5 adet ruhsats\u0131z tabanca ve 139 adet tabanca fi\u015fe\u011fi ele ge\u00e7irildi. \u015eah\u0131s \u00e7\u0131kar\u0131ld\u0131\u011f\u0131 mahkemece adli kontrol \u015fart\u0131yla serbest b\u0131rak\u0131ld\u0131. Manisa\u2019n\u0131n Ala\u015fehir il\u00e7esinde Jandarma Su\u00e7 Ara\u015ft\u0131rma Timi (JASAT) ve Ala\u015fehir \u0130l\u00e7e Jandarma Komutanl\u0131\u011f\u0131 ekipler taraf\u0131ndan&#8230;<\/p>\n","protected":false},"author":1,"featured_media":63781,"comment_status":"open","ping_status":"open","sticky":false,"template":"","format":"standard","meta":{"_crdt_document":"","footnotes":""},"categories":[5],"tags":[],"class_list":["post-63780","post","type-post","status-publish","format-standard","has-post-thumbnail","hentry","category-asayis"],"_links":{"self":[{"href":"https:\/\/www.egemtv.com\/index.php?rest_route=\/wp\/v2\/posts\/63780","targetHints":{"allow":["GET"]}}],"collection":[{"href":"https:\/\/www.egemtv.com\/index.php?rest_route=\/wp\/v2\/posts"}],"about":[{"href":"https:\/\/www.egemtv.com\/index.php?rest_route=\/wp\/v2\/types\/post"}],"author":[{"embeddable":true,"href":"https:\/\/www.egemtv.com\/index.php?rest_route=\/wp\/v2\/users\/1"}],"replies":[{"embeddable":true,"href":"https:\/\/www.egemtv.com\/index.php?rest_route=%2Fwp%2Fv2%2Fcomments&post=63780"}],"version-history":[{"count":1,"href":"https:\/\/www.egemtv.com\/index.php?rest_route=\/wp\/v2\/posts\/63780\/revisions"}],"predecessor-version":[{"id":63782,"href":"https:\/\/www.egemtv.com\/index.php?rest_route=\/wp\/v2\/posts\/63780\/revisions\/63782"}],"wp:featuredmedia":[{"embeddable":true,"href":"https:\/\/www.egemtv.com\/index.php?rest_route=\/wp\/v2\/media\/63781"}],"wp:attachment":[{"href":"https:\/\/www.egemtv.com\/index.php?rest_route=%2Fwp%2Fv2%2Fmedia&parent=63780"}],"wp:term":[{"taxonomy":"category","embeddable":true,"href":"https:\/\/www.egemtv.com\/index.php?rest_route=%2Fwp%2Fv2%2Fcategories&post=63780"},{"taxonomy":"post_tag","embeddable":true,"href":"https:\/\/www.egemtv.com\/index.php?rest_route=%2Fwp%2Fv2%2Ftags&post=63780"}],"curies":[{"name":"wp","href":"https:\/\/api.w.org\/{rel}","templated":true}]}}