{"id":63777,"date":"2025-10-25T14:34:46","date_gmt":"2025-10-25T11:34:46","guid":{"rendered":"https:\/\/www.egemtv.com\/?p=63777"},"modified":"2025-10-25T14:34:47","modified_gmt":"2025-10-25T11:34:47","slug":"deneyap-teknoloji-atolyeleri-muglada-gelecegin-uretken-nesillerini-yetistiriyor","status":"publish","type":"post","link":"https:\/\/www.egemtv.com\/?p=63777","title":{"rendered":"DENEYAP teknoloji at\u00f6lyeleri Mu\u011fla\u2019da gelece\u011fin \u00fcretken nesillerini yeti\u015ftiriyor"},"content":{"rendered":"<p>Mu\u011fla Gen\u00e7lik ve Spor \u0130l\u00e7e M\u00fcd\u00fcrl\u00fc\u011f\u00fcne ba\u011fl\u0131 Uluslararas\u0131 Gen\u00e7lik Merkezi b\u00fcnyesinde faaliyet g\u00f6steren DENEYAP Teknoloji At\u00f6lyeleri, uygulad\u0131\u011f\u0131 yenilik\u00e7i e\u011fitim modeliyle gelece\u011fin teknoloji \u00fcreten bireylerini yeti\u015ftirmeye devam ediyor.<\/p>\n<p>At\u00f6lyelerde y\u00fcr\u00fct\u00fclen e\u011fitim program\u0131, \u00f6\u011frencilerin 21. y\u00fczy\u0131l\u0131n temel becerilerini kazanmalar\u0131n\u0131 hedefliyor. Bu beceriler aras\u0131nda giri\u015fimcilik ve ele\u015ftirel d\u00fc\u015f\u00fcnme, karma\u015f\u0131k problemleri \u00e7\u00f6zme, etkili ileti\u015fim ve tak\u0131m \u00e7al\u0131\u015fmas\u0131 yer al\u0131yor. \u00d6\u011frenciler, proje tabanl\u0131 \u00f6\u011frenme yakla\u015f\u0131m\u0131 sayesinde hem teorik bilgi ediniyor hem de uygulamal\u0131 \u00e7al\u0131\u015fmalar yaparak \u00fcretkenliklerini art\u0131r\u0131yor.<\/p>\n<p>Uluslararas\u0131 Gen\u00e7lik Merkezi koordinasyonunda s\u00fcrd\u00fcr\u00fclen bu program, gen\u00e7lerin teknolojiyi sadece t\u00fcketen de\u011fil, ayn\u0131 zamanda \u00fcreten bireyler olmalar\u0131na katk\u0131 sa\u011fl\u0131yor. DENEYAP Teknoloji At\u00f6lyeleri, Mu\u011fla\u2019da gelece\u011fin m\u00fchendisleri, tasar\u0131mc\u0131lar\u0131 ve yenilik\u00e7i giri\u015fimcilerinin yeti\u015fmesinde kritik bir rol \u00fcstleniyor.<\/p>\n<p>E\u011fitimlerde \u00f6\u011frencilere algoritma mant\u0131\u011f\u0131, blok tabanl\u0131 programlama, temel yaz\u0131l\u0131m geli\u015ftirme ve problem \u00e7\u00f6zme becerileri \u00fczerine uygulamal\u0131 \u00e7al\u0131\u015fmalar sunuluyor. Verilen kodlama e\u011fitimleri arac\u0131l\u0131\u011f\u0131yla gen\u00e7ler, analitik d\u00fc\u015f\u00fcnme, \u00e7\u00f6z\u00fcm \u00fcretme ve dijital okuryazarl\u0131k becerilerini \u00f6nemli \u00f6l\u00e7\u00fcde geli\u015ftiriyor.<\/p>\n<p>Uluslararas\u0131 Gen\u00e7lik Merkezi b\u00fcnyesinde gen\u00e7lerin teknolojiye olan ilgisini art\u0131rmay\u0131 ve onlar\u0131 \u00fcretken, yenilik\u00e7i bireyler haline getirmeyi ama\u00e7layan bu e\u011fitimler, b\u00f6lgenin teknoloji ve inovasyon alan\u0131ndaki potansiyelini g\u00fc\u00e7lendirmeyi hedefliyor.<br \/><\/p>\n","protected":false},"excerpt":{"rendered":"<p>Mu\u011fla Gen\u00e7lik ve Spor \u0130l\u00e7e M\u00fcd\u00fcrl\u00fc\u011f\u00fcne ba\u011fl\u0131 Uluslararas\u0131 Gen\u00e7lik Merkezi b\u00fcnyesinde faaliyet g\u00f6steren DENEYAP Teknoloji At\u00f6lyeleri, uygulad\u0131\u011f\u0131 yenilik\u00e7i e\u011fitim modeliyle gelece\u011fin teknoloji \u00fcreten bireylerini yeti\u015ftirmeye devam ediyor. At\u00f6lyelerde y\u00fcr\u00fct\u00fclen e\u011fitim program\u0131, \u00f6\u011frencilerin 21. y\u00fczy\u0131l\u0131n temel becerilerini kazanmalar\u0131n\u0131 hedefliyor. Bu beceriler aras\u0131nda giri\u015fimcilik ve ele\u015ftirel d\u00fc\u015f\u00fcnme, karma\u015f\u0131k problemleri \u00e7\u00f6zme, etkili ileti\u015fim ve tak\u0131m \u00e7al\u0131\u015fmas\u0131 yer al\u0131yor&#8230;.<\/p>\n","protected":false},"author":1,"featured_media":63778,"comment_status":"open","ping_status":"open","sticky":false,"template":"","format":"standard","meta":{"_crdt_document":"","footnotes":""},"categories":[124],"tags":[],"class_list":["post-63777","post","type-post","status-publish","format-standard","has-post-thumbnail","hentry","category-bilim"],"_links":{"self":[{"href":"https:\/\/www.egemtv.com\/index.php?rest_route=\/wp\/v2\/posts\/63777","targetHints":{"allow":["GET"]}}],"collection":[{"href":"https:\/\/www.egemtv.com\/index.php?rest_route=\/wp\/v2\/posts"}],"about":[{"href":"https:\/\/www.egemtv.com\/index.php?rest_route=\/wp\/v2\/types\/post"}],"author":[{"embeddable":true,"href":"https:\/\/www.egemtv.com\/index.php?rest_route=\/wp\/v2\/users\/1"}],"replies":[{"embeddable":true,"href":"https:\/\/www.egemtv.com\/index.php?rest_route=%2Fwp%2Fv2%2Fcomments&post=63777"}],"version-history":[{"count":1,"href":"https:\/\/www.egemtv.com\/index.php?rest_route=\/wp\/v2\/posts\/63777\/revisions"}],"predecessor-version":[{"id":63779,"href":"https:\/\/www.egemtv.com\/index.php?rest_route=\/wp\/v2\/posts\/63777\/revisions\/63779"}],"wp:featuredmedia":[{"embeddable":true,"href":"https:\/\/www.egemtv.com\/index.php?rest_route=\/wp\/v2\/media\/63778"}],"wp:attachment":[{"href":"https:\/\/www.egemtv.com\/index.php?rest_route=%2Fwp%2Fv2%2Fmedia&parent=63777"}],"wp:term":[{"taxonomy":"category","embeddable":true,"href":"https:\/\/www.egemtv.com\/index.php?rest_route=%2Fwp%2Fv2%2Fcategories&post=63777"},{"taxonomy":"post_tag","embeddable":true,"href":"https:\/\/www.egemtv.com\/index.php?rest_route=%2Fwp%2Fv2%2Ftags&post=63777"}],"curies":[{"name":"wp","href":"https:\/\/api.w.org\/{rel}","templated":true}]}}