{"id":63774,"date":"2025-10-25T14:34:43","date_gmt":"2025-10-25T11:34:43","guid":{"rendered":"https:\/\/www.egemtv.com\/?p=63774"},"modified":"2025-10-25T14:34:45","modified_gmt":"2025-10-25T11:34:45","slug":"usakta-dere-yatagina-dusen-avci-yaralandi","status":"publish","type":"post","link":"https:\/\/www.egemtv.com\/?p=63774","title":{"rendered":"U\u015fak\u2019ta dere yata\u011f\u0131na d\u00fc\u015fen avc\u0131 yaraland\u0131"},"content":{"rendered":"<p>U\u015fak\u2019\u0131n Ulubey il\u00e7esinde avlanmak i\u00e7in gitti\u011fi b\u00f6lgede dengesini kaybedip dere yata\u011f\u0131na d\u00fc\u015fen bir ki\u015fi yaraland\u0131.<br \/>\n<br \/>Olay Ulubey il\u00e7esine ba\u011fl\u0131 S\u00fcl\u00fcmenli k\u00f6y\u00fc yak\u0131nlar\u0131nda meydana geldi. Edinilen bilgilere g\u00f6re, arkada\u015flar\u0131yla birlikte avlanan M.\u00c7. (34), bast\u0131\u011f\u0131 kayadan dengesini kaybetmesi sonucu 10 metre y\u00fckseklikten dere yata\u011f\u0131na d\u00fc\u015ft\u00fc.<br \/>\n<br \/>Arkada\u015flar\u0131n durumu 112 Acil \u00c7a\u011fr\u0131 merkezine bildirmesi \u00fczerine, b\u00f6lgeye 112 Sa\u011fl\u0131k, jandarma ve AFAD ekipleri sevk edildi. AFAD ekiplerinin \u00e7al\u0131\u015fmas\u0131 sonucu M.\u00c7. bulundu\u011fu yerden \u00e7\u0131kart\u0131ld\u0131. 112 Sa\u011fl\u0131k ekiplerince M.\u00c7. \u00f6nce Ulubey Devlet Hastanesi\u2019ne ard\u0131ndan U\u015fak E\u011fitim ve Ara\u015ft\u0131rma Hastanesi\u2019ne sevk edildi.<br \/>\n<br \/>\u00d6te yandan, yaral\u0131n\u0131n sa\u011fl\u0131k durumun iyi oldu\u011fu \u00f6\u011frenildi.<br \/><\/p>\n","protected":false},"excerpt":{"rendered":"<p>U\u015fak\u2019\u0131n Ulubey il\u00e7esinde avlanmak i\u00e7in gitti\u011fi b\u00f6lgede dengesini kaybedip dere yata\u011f\u0131na d\u00fc\u015fen bir ki\u015fi yaraland\u0131. Olay Ulubey il\u00e7esine ba\u011fl\u0131 S\u00fcl\u00fcmenli k\u00f6y\u00fc yak\u0131nlar\u0131nda meydana geldi. Edinilen bilgilere g\u00f6re, arkada\u015flar\u0131yla birlikte avlanan M.\u00c7. (34), bast\u0131\u011f\u0131 kayadan dengesini kaybetmesi sonucu 10 metre y\u00fckseklikten dere yata\u011f\u0131na d\u00fc\u015ft\u00fc. Arkada\u015flar\u0131n durumu 112 Acil \u00c7a\u011fr\u0131 merkezine bildirmesi \u00fczerine, b\u00f6lgeye 112 Sa\u011fl\u0131k, jandarma&#8230;<\/p>\n","protected":false},"author":1,"featured_media":63775,"comment_status":"open","ping_status":"open","sticky":false,"template":"","format":"standard","meta":{"_crdt_document":"","footnotes":""},"categories":[5],"tags":[],"class_list":["post-63774","post","type-post","status-publish","format-standard","has-post-thumbnail","hentry","category-asayis"],"_links":{"self":[{"href":"https:\/\/www.egemtv.com\/index.php?rest_route=\/wp\/v2\/posts\/63774","targetHints":{"allow":["GET"]}}],"collection":[{"href":"https:\/\/www.egemtv.com\/index.php?rest_route=\/wp\/v2\/posts"}],"about":[{"href":"https:\/\/www.egemtv.com\/index.php?rest_route=\/wp\/v2\/types\/post"}],"author":[{"embeddable":true,"href":"https:\/\/www.egemtv.com\/index.php?rest_route=\/wp\/v2\/users\/1"}],"replies":[{"embeddable":true,"href":"https:\/\/www.egemtv.com\/index.php?rest_route=%2Fwp%2Fv2%2Fcomments&post=63774"}],"version-history":[{"count":1,"href":"https:\/\/www.egemtv.com\/index.php?rest_route=\/wp\/v2\/posts\/63774\/revisions"}],"predecessor-version":[{"id":63776,"href":"https:\/\/www.egemtv.com\/index.php?rest_route=\/wp\/v2\/posts\/63774\/revisions\/63776"}],"wp:featuredmedia":[{"embeddable":true,"href":"https:\/\/www.egemtv.com\/index.php?rest_route=\/wp\/v2\/media\/63775"}],"wp:attachment":[{"href":"https:\/\/www.egemtv.com\/index.php?rest_route=%2Fwp%2Fv2%2Fmedia&parent=63774"}],"wp:term":[{"taxonomy":"category","embeddable":true,"href":"https:\/\/www.egemtv.com\/index.php?rest_route=%2Fwp%2Fv2%2Fcategories&post=63774"},{"taxonomy":"post_tag","embeddable":true,"href":"https:\/\/www.egemtv.com\/index.php?rest_route=%2Fwp%2Fv2%2Ftags&post=63774"}],"curies":[{"name":"wp","href":"https:\/\/api.w.org\/{rel}","templated":true}]}}