{"id":63771,"date":"2025-10-25T14:14:53","date_gmt":"2025-10-25T11:14:53","guid":{"rendered":"https:\/\/www.egemtv.com\/?p=63771"},"modified":"2025-10-25T14:14:55","modified_gmt":"2025-10-25T11:14:55","slug":"cumhuriyet-bayrami-muglada-farkli-etkinliklerle-kutlanacak","status":"publish","type":"post","link":"https:\/\/www.egemtv.com\/?p=63771","title":{"rendered":"Cumhuriyet Bayram\u0131 Mu\u011fla\u2019da farkl\u0131 etkinliklerle kutlanacak"},"content":{"rendered":"<p>Gazi Mustafa Kemal Atat\u00fcrk taraf\u0131ndan 29 Ekim 1923 y\u0131l\u0131nda temelleri at\u0131lan T\u00fcrkiye Cumhuriyeti 102. ya\u015f\u0131n\u0131 kutluyor. Mu\u011fla B\u00fcy\u00fck\u015fehir Belediyesi, 29 Ekim Cumhuriyet Bayram\u0131 kutlamalar\u0131nda Mu\u011fla genelinde d\u00fczenleyece\u011fi konserler, spor kar\u015f\u0131la\u015fmalar\u0131, belgesel ve film g\u00f6sterimi, T\u00fcrkiye\u2019de ve d\u00fcnyada ilk olan Zurnazen Festivali ile bayram co\u015fkusunu t\u00fcm vatanda\u015flara ya\u015fatacak.<br \/>\n<br \/>29 Ekim Cumhuriyet Bayram\u0131\u2019nda Mu\u011fla\u2019n\u0131n farkl\u0131 il\u00e7elerinde vatanda\u015flar konserlerle bulu\u015facak. \u0130l merkezi Mente\u015fe\u2019de Emre Ayd\u0131n, Seydikemer il\u00e7esinde Selcan K\u00f6k\u00e7en \u015eahin, Dat\u00e7a il\u00e7esinde B\u00fcy\u00fck\u015fehir Belediyesi Kent Orkestras\u0131 ile Ezgi Uluda\u011f, Kavakl\u0131dere il\u00e7esinde ise Hale Yamaner Okdan sahne alacak. Konserler 20.30\u2019da ba\u015flayacak. Ayr\u0131ca Mu\u011fla B\u00fcy\u00fck\u015fehir Belediyesi Kent Orkestras\u0131 31 Ekim Cuma Mu\u011fla S\u0131tk\u0131 Ko\u00e7man \u00dcniversitesi 15 Temmuz Demokrasi \u015eehitleri Salonu\u2019nda \u2018Bir Destan\u0131n \u0130zinde\u2019, Mu\u011fla B\u00fcy\u00fck\u015fehir Belediyesi Senfoni Orkestras\u0131 1 Kas\u0131m Cumartesi Gazi Mustafa Kemal Atat\u00fcrk K\u00fclt\u00fcr Merkezi\u2019nde \u2018Bir Sesin \u0130zinde\u2019 konserleri d\u00fczenleyecek.<br \/>\n<br \/>Vali Han\u0131m Belgeseli ve Veda filmi Cumhuriyet Bayram\u0131\u2019nda izleyicisi ile bulu\u015fuyor<br \/>\n<br \/>T\u00fcrkiye\u2019nin ilk kad\u0131n valisi Lale Aytaman\u2019\u0131n hayat\u0131n\u0131 anlatan \u2018Vali Han\u0131m\u2019 belgeselinin galas\u0131 Cumhuriyet Bayram\u0131 arma\u011fan\u0131 olarak Mu\u011fla\u2019da yap\u0131lacak. Mu\u011fla B\u00fcy\u00fck\u015fehir Belediyesi\u2019nin katk\u0131lar\u0131yla hayata ge\u00e7en, yap\u0131mc\u0131l\u0131\u011f\u0131n\u0131 gazeteci yazar \u00d6zlem \u00d6zdemir\u2019in, y\u00f6netmenli\u011fini G\u00fclay Ayy\u0131ld\u0131z Yi\u011fitcan\u2019\u0131n \u00fcstlendi\u011fi \u2018Vali Han\u0131m\u2019 belgeseli, 30 Ekim Per\u015fembe g\u00fcn\u00fc ilk kez Gazi Mustafa Atat\u00fcrk K\u00fclt\u00fcr Merkezi\u2019nde izleyicilerle bulu\u015facak.<br \/>\n<br \/>Gazi Mustafa Kemal Atat\u00fcrk\u2019\u00fcn ya\u015fam\u0131n\u0131, m\u00fccadele azmini ve veda hik\u00e2yesini anlatan \u2018Veda\u2019 filmi Cumhuriyet Bayram\u0131 etkinlikleri kapsam\u0131nda vatanda\u015flarla bulu\u015facak. Film; 27 Ekim Pazartesi saat 20.00\u2019da Gazi Mustafa Kemal Atat\u00fcrk K\u00fclt\u00fcr Merkezi\u2019nde, 30 Ekim Per\u015fembe g\u00fcn\u00fc saat 20.00\u2019da da Mu\u011fla S\u0131tk\u0131 Ko\u00e7man \u00dcniversitesi Atat\u00fcrk K\u00fclt\u00fcr Merkezi\u2019nde izleyicilerle bulu\u015facak.<br \/>\n<br \/>Zurnazen ve spor m\u00fcsabakalar\u0131 da bayram co\u015fkusuna renk katacak<br \/>\n<br \/>29 Ekim Cumhuriyet Bayram\u0131 etkinlikleri kapsam\u0131nda D\u00fcnya\u2019da ve T\u00fcrkiye\u2019de ilk olan Uluslararas\u0131 Zurnazen Festivali\u2019nin onuncusu bu y\u0131l Milas\u2019ta izleyicisi ile bulu\u015facak. 27 Ekim Pazartesi Milas Atapark Meydan\u0131, 28 Ekim Sal\u0131 g\u00fcn\u00fcnde Mente\u015fe il\u00e7esi Cumhuriyet Meydan\u0131 10.Uluslararas\u0131 Zurnazen Festivali\u2019ne ev sahipli\u011fi yapacak. D\u00fcnya\u2019n\u0131n farkl\u0131 \u00fclkelerinden gelen sanat\u00e7\u0131lar bayram co\u015fkusuna renk katacak.<br \/>\n<br \/>29 Ekim Cumhuriyet Bayram\u0131\u2019nda B\u00fcy\u00fck\u015fehir Belediyesi 6.Geleneksek Cumhuriyet Kupas\u0131 Veteranlar ve Geleneksel Cumhuriyet Kupas\u0131 Mix Tenis Turnuvas\u0131 ile sporseverleri de bir araya getiriyor. Ayr\u0131ca B\u00fcy\u00fck\u015fehir Belediyesi \u2018Personel Cumhuriyet Kupas\u0131 Voleybol ve Hal\u0131 Saha Turnuvas\u0131\u2019 d\u00fczenledi.<br \/>\n<br \/>Ba\u015fkan Aras; Cumhuriyet Bayram\u0131 co\u015fkumuzu 7\u2019den 70\u2019e herkes ya\u015fayacak&#8221;<br \/>\n<br \/>K\u0131y\u0131 Ege Belediyeler Birli\u011fi ve Mu\u011fla B\u00fcy\u00fck\u015fehir Belediye Ba\u015fkan\u0131 Ahmet Aras, temelleri Gazi Mustafa Kemal Atat\u00fcrk taraf\u0131ndan 102 y\u0131l \u00f6nce at\u0131lan T\u00fcrkiye Cumhuriyeti\u2019nin fikri, vicdan\u0131, irfan\u0131 h\u00fcr nesiller taraf\u0131ndan ilelebet ya\u015fat\u0131laca\u011f\u0131n\u0131 s\u00f6yledi ve Cumhuriyet Bayram\u0131 co\u015fkusunu Mu\u011fla\u2019da t\u00fcm vatanda\u015flarla ya\u015fayacaklar\u0131n\u0131 belirtti.<br \/>\n<br \/>Ba\u015fkan Aras; &#8220;19 May\u0131s 1919\u2019da Atat\u00fcrk taraf\u0131ndan Samsun\u2019da ba\u015flat\u0131lan ba\u011f\u0131ms\u0131zl\u0131k y\u00fcr\u00fcy\u00fc\u015f\u00fc 29 Ekim 1923\u2019te T\u00fcrk Milleti\u2019nin karakterine ve adetlerine en uygun y\u00f6netim \u015fekli olan Cumhuriyet ile ta\u00e7lanm\u0131\u015ft\u0131r. 102.ya\u015f\u0131n\u0131 kutlayaca\u011f\u0131m\u0131z Cumhuriyet ile T\u00fcrk Milleti verimli topraklar\u0131nda \u00fcreten, bilim insanlar\u0131 ile d\u00fcnyaya y\u00f6n veren, kad\u0131nlar\u0131na d\u00fcnyada ilk defa se\u00e7me se\u00e7ilme hakk\u0131 veren bir Millet olmu\u015ftur. Cumhuriyetimizin ikinci y\u00fczy\u0131l\u0131nda bize d\u00fc\u015fen sorumluluk Atat\u00fcrk ilke ve devrimleri \u0131\u015f\u0131\u011f\u0131nda karanl\u0131klara y\u00fcr\u00fcmek, \u00fclkemizi kurulu\u015f ayarlar\u0131na geri d\u00f6nd\u00fcrmektir. T\u00fcrk Milleti bu yolda her zaman g\u00fcc\u00fcn\u00fc bir \u00e7ift g\u00f6zden almaya, Ata\u2019m\u0131z\u0131n ilelebet ya\u015fayacak dedi\u011fi Cumhuriyet\u2019e sahip \u00e7\u0131kmaya devam edecektir. Mu\u011fla\u2019m\u0131zda da Cumhuriyet Bayram\u0131 co\u015fkumuzu hem\u015fehrilerimizle 7\u2019den 70\u2019e ya\u015fayacak ve bayram\u0131m\u0131z\u0131 hep birlikte b\u00fcy\u00fck bir sevin\u00e7le kutlayaca\u011f\u0131z&#8221; dedi.<br \/><\/p>\n","protected":false},"excerpt":{"rendered":"<p>Gazi Mustafa Kemal Atat\u00fcrk taraf\u0131ndan 29 Ekim 1923 y\u0131l\u0131nda temelleri at\u0131lan T\u00fcrkiye Cumhuriyeti 102. ya\u015f\u0131n\u0131 kutluyor. Mu\u011fla B\u00fcy\u00fck\u015fehir Belediyesi, 29 Ekim Cumhuriyet Bayram\u0131 kutlamalar\u0131nda Mu\u011fla genelinde d\u00fczenleyece\u011fi konserler, spor kar\u015f\u0131la\u015fmalar\u0131, belgesel ve film g\u00f6sterimi, T\u00fcrkiye\u2019de ve d\u00fcnyada ilk olan Zurnazen Festivali ile bayram co\u015fkusunu t\u00fcm vatanda\u015flara ya\u015fatacak. 29 Ekim Cumhuriyet Bayram\u0131\u2019nda Mu\u011fla\u2019n\u0131n farkl\u0131 il\u00e7elerinde vatanda\u015flar&#8230;<\/p>\n","protected":false},"author":1,"featured_media":63772,"comment_status":"open","ping_status":"open","sticky":false,"template":"","format":"standard","meta":{"_crdt_document":"","footnotes":""},"categories":[1],"tags":[],"class_list":["post-63771","post","type-post","status-publish","format-standard","has-post-thumbnail","hentry","category-guncel"],"_links":{"self":[{"href":"https:\/\/www.egemtv.com\/index.php?rest_route=\/wp\/v2\/posts\/63771","targetHints":{"allow":["GET"]}}],"collection":[{"href":"https:\/\/www.egemtv.com\/index.php?rest_route=\/wp\/v2\/posts"}],"about":[{"href":"https:\/\/www.egemtv.com\/index.php?rest_route=\/wp\/v2\/types\/post"}],"author":[{"embeddable":true,"href":"https:\/\/www.egemtv.com\/index.php?rest_route=\/wp\/v2\/users\/1"}],"replies":[{"embeddable":true,"href":"https:\/\/www.egemtv.com\/index.php?rest_route=%2Fwp%2Fv2%2Fcomments&post=63771"}],"version-history":[{"count":1,"href":"https:\/\/www.egemtv.com\/index.php?rest_route=\/wp\/v2\/posts\/63771\/revisions"}],"predecessor-version":[{"id":63773,"href":"https:\/\/www.egemtv.com\/index.php?rest_route=\/wp\/v2\/posts\/63771\/revisions\/63773"}],"wp:featuredmedia":[{"embeddable":true,"href":"https:\/\/www.egemtv.com\/index.php?rest_route=\/wp\/v2\/media\/63772"}],"wp:attachment":[{"href":"https:\/\/www.egemtv.com\/index.php?rest_route=%2Fwp%2Fv2%2Fmedia&parent=63771"}],"wp:term":[{"taxonomy":"category","embeddable":true,"href":"https:\/\/www.egemtv.com\/index.php?rest_route=%2Fwp%2Fv2%2Fcategories&post=63771"},{"taxonomy":"post_tag","embeddable":true,"href":"https:\/\/www.egemtv.com\/index.php?rest_route=%2Fwp%2Fv2%2Ftags&post=63771"}],"curies":[{"name":"wp","href":"https:\/\/api.w.org\/{rel}","templated":true}]}}