{"id":63768,"date":"2025-10-25T13:54:47","date_gmt":"2025-10-25T10:54:47","guid":{"rendered":"https:\/\/www.egemtv.com\/?p=63768"},"modified":"2025-10-25T13:54:48","modified_gmt":"2025-10-25T10:54:48","slug":"muskiden-bodruma-su-temini-ve-kirlilik-iddialari-hakkinda-aciklama","status":"publish","type":"post","link":"https:\/\/www.egemtv.com\/?p=63768","title":{"rendered":"MUSK\u0130\u2019den, Bodrum\u2019a su temini ve kirlilik iddialar\u0131 hakk\u0131nda a\u00e7\u0131klama"},"content":{"rendered":"<p>Mu\u011fla B\u00fcy\u00fck\u015fehir Belediyesi Su ve Kanalizasyon \u0130daresi Genel M\u00fcd\u00fcrl\u00fc\u011f\u00fc (MUSK\u0130), Bodrum\u2019un i\u00e7me ve kullanma suyunun temin edildi\u011fi barajlardaki su durumu ve kirlilik iddialar\u0131n\u0131 a\u00e7\u0131kl\u0131k getirdi.<br \/>\n<br \/>&#8220;Bodrum\u2019a su temininde s\u0131k\u0131nt\u0131 yok&#8221;<br \/>\n<br \/>MUSK\u0130 Genel M\u00fcd\u00fcrl\u00fc\u011f\u00fcnden yap\u0131lan a\u00e7\u0131klamada, &#8220;Ge\u00e7ti\u011fimiz g\u00fcnlerde Bodrum\u2019da su rezervlerinin t\u00fckenme noktas\u0131na geldi\u011fi, Bodrum\u2019un 10 g\u00fcnl\u00fck suyu kald\u0131\u011f\u0131na ve su kirlili\u011fi ya\u015fand\u0131\u011f\u0131na dair birtak\u0131m a\u00e7\u0131klamalar\u0131n oldu\u011fu g\u00f6r\u00fclmektedir. Bu iddialara y\u00f6nelik a\u00e7\u0131klama yap\u0131lmas\u0131 gere\u011fi do\u011fmu\u015ftur. Bodrum \u0130l\u00e7emize Geyik ve Mumcular Baraj\u0131 ba\u015fta olmak \u00fczere kurumumuz taraf\u0131ndan sa\u011flanan yeralt\u0131 kaynaklar\u0131yla su verilmektedir. Bodrum\u2018a su sa\u011flayan barajlarda suyun seviyesinin azald\u0131\u011f\u0131 bir ger\u00e7ek olmakla birlikte bu durum Bodrum\u2019a su sa\u011flanamayaca\u011f\u0131 anlam\u0131na gelmemektedir. Hali haz\u0131rda DS\u0130 taraf\u0131ndan Mumcular Baraj\u0131ndan al\u0131nan su 8 Eyl\u00fclde kesilmi\u015f ve tar\u0131msal sulamaya aktar\u0131lm\u0131\u015ft\u0131r. O g\u00fcnden bu yana barajdan Bodrum\u2019a su sa\u011flanamamaktad\u0131r. Geyik Baraj\u0131\u2019nda su miktar\u0131 azalm\u0131\u015f ve bir bu\u00e7uk milyon metrek\u00fcp yakla\u015f\u0131k su kalm\u0131\u015ft\u0131r. Ancak, MUSK\u0130 Genel M\u00fcd\u00fcrl\u00fc\u011f\u00fc olarak Bodrum\u2019un i\u00e7me suyunu kar\u015f\u0131lamak i\u00e7in \u00e7e\u015fitli alternatifler geli\u015ftirilmi\u015f ve alternatif su kaynaklar\u0131 projeleri yap\u0131lm\u0131\u015ft\u0131r. Hali haz\u0131rda Bodrum\u2019a 1000-1100 litre \/saniyeye yak\u0131n su sa\u011flanmaktad\u0131r. Sa\u011flanan suyun daha \u00f6nceki y\u0131llarda 600-650 LT\/saniyesi Geyik Baraj\u0131ndan kar\u015f\u0131lan\u0131rken bu rakam 2025 y\u0131l\u0131nda ancak neredeyse yar\u0131 yar\u0131ya d\u00fc\u015fm\u00fc\u015f ve 300-400 litre\/ saniyelik k\u0131sm\u0131n\u0131 Geyik Baraj\u0131\u2019ndan sa\u011flanabilmektedir.  Geri kalan k\u0131sm\u0131 ise \u00c7amk\u00f6y, Karaova Mumcular ve Bodrum yeralt\u0131 sular\u0131n\u0131nd\u0131n kar\u015f\u0131lanmaktad\u0131r. Geyik Baraj\u0131ndan su iletimin kesilmesi ihtimaline kar\u015f\u0131l\u0131k kurumumuz taraf\u0131ndan gerekli \u00f6nlemler al\u0131nm\u0131\u015ft\u0131r. Bu kapsamda yapt\u0131\u011f\u0131m\u0131z proje ile Geyik Baraj\u0131 hatt\u0131 kullan\u0131larak Akgedik Baraj\u0131\u2019ndan al\u0131nan suyu Bodrum\u2019a aktarabilecek hat \u00e7al\u0131\u015fmalar\u0131 ve teknik d\u00fczenlemeler yap\u0131lm\u0131\u015ft\u0131r. 2024 y\u0131l\u0131nda Akgedik Baraj\u0131ndan bu terfi hatt\u0131yla 850 bin m3 su sa\u011flanm\u0131\u015f ve dolay\u0131s\u0131yla Geyik Baraj\u0131\u2019nda suyun bitmesi durumunda Akgedik Baraj\u0131\u2019n\u0131n su alma sistemi devreye almaya haz\u0131r durumdad\u0131r. Geyik Baraj\u0131\u2019ndaki su bitmi\u015f olmas\u0131 Bodrum halk\u0131n\u0131n i\u00e7me suyunun azalmas\u0131 veya i\u00e7me suyu verilememesi s\u00f6z konusu de\u011fildir.  Halk\u0131m\u0131zdan beklentimiz su kesintisi de\u011fil, daima tasarruflu su kullan\u0131m\u0131n\u0131n yayg\u0131nla\u015ft\u0131r\u0131lmas\u0131d\u0131r. Dolay\u0131s\u0131yla Bodrum\u2019un 10 g\u00fcnl\u00fck suyu kald\u0131 gibi a\u00e7\u0131klamalar halk\u0131m\u0131z\u0131 tedirgin edecek, endi\u015feye sevk edecek t\u00fcrden spek\u00fclasyonlard\u0131r&#8221; denildi. Bodrum i\u00e7in gerekli \u00f6nlemler haz\u0131rd\u0131r&#8221; denildi.<br \/>\n<br \/>&#8220;Barajlardan al\u0131nan su \u00e7e\u015fitli a\u015famalardan sonra t\u00fcketiciyle ula\u015f\u0131yor&#8221;<br \/>\n<br \/>Barajlardan temin edilen suyun kirli oldu\u011fu iddialar\u0131n\u0131 do\u011fru almad\u0131\u011f\u0131 belirtilen a\u00e7\u0131klamada, &#8220;Suyun yetersizli\u011finin yan\u0131 s\u0131ra kirlilik gibi \u00e7ok hassas bir konuda da birtak\u0131m yanl\u0131\u015f a\u00e7\u0131klamalar\u0131n oldu\u011fu g\u00f6r\u00fclmektedir. Mumcular ve Geyik Baraj\u0131ndan al\u0131nan ham suyun ar\u0131t\u0131lmadan Bodrum\u2019a, ya da herhangi bir b\u00f6lgeye verilmesi kesinlikle s\u00f6z konusu de\u011fildir. Bas\u0131na yans\u0131yan bu t\u00fcr a\u00e7\u0131klama veya haberler yanl\u0131\u015f anla\u015f\u0131lmaya mahal verecek t\u00fcrdendir. Barajlardan al\u0131nan su ilk olarak ozonlama \u00fcnitesinde i\u015fleme al\u0131nmakta ve ileri oksidasyon i\u015fleminden ge\u00e7mektedir. Daha sonra suya \u00f6n dezenfeksiyon flok\u00fclasyon ve koag\u00fclasyon i\u015flemlerinden ge\u00e7irilmekte daha sonra yava\u015f kum filtrelerinden ge\u00e7mekte ve son dezenfeksiyondan sonra \u015fehir depolar\u0131na iletilmektedir. Suyun denetimi Sa\u011fl\u0131k Bakanl\u0131\u011f\u0131 taraf\u0131ndan s\u00fcrekli kontrol edilmektedir. Baraj suyu i\u015flem yap\u0131lmadan halka verilecekmi\u015f gibi yanl\u0131\u015f anla\u015f\u0131lmalara f\u0131rsat verilmemelidir. Halk\u0131m\u0131z\u0131n temel ihtiyac\u0131 olan su hakk\u0131nda yanl\u0131\u015f anla\u015f\u0131lmalara ve halk\u0131m\u0131z\u0131 teredd\u00fctte d\u00fc\u015f\u00fcrecek a\u00e7\u0131klamalardan uzak durulmal\u0131d\u0131r. MUSK\u0130 Genel M\u00fcd\u00fcrl\u00fc\u011f\u00fc ilkim de\u011fi\u015fikli\u011fi ve kurakl\u0131k senaryolar\u0131n\u0131 dikkate alarak su kaynaklar\u0131n\u0131n \u00e7e\u015fitlendirmesi anlam\u0131nda bir tek y\u00fczey sular\u0131na de\u011fil, yeralt\u0131 sular\u0131na de\u011fil, barajlara de\u011fil, onun yan\u0131nda denizden i\u00e7me kullanma suyu elde etmek i\u00e7inde \u00e7al\u0131\u015fmalar y\u00fcr\u00fctmektedir. Alternatif su kayna\u011f\u0131 i\u00e7in Turgutreis desalinasyon tesisi i\u00e7in ihaleye \u00e7\u0131k\u0131lm\u0131\u015f ihale s\u00fcreci tamamland\u0131ktan sonra yap\u0131m a\u015famas\u0131na ge\u00e7ilecektir&#8221; denildi.<br \/><\/p>\n","protected":false},"excerpt":{"rendered":"<p>Mu\u011fla B\u00fcy\u00fck\u015fehir Belediyesi Su ve Kanalizasyon \u0130daresi Genel M\u00fcd\u00fcrl\u00fc\u011f\u00fc (MUSK\u0130), Bodrum\u2019un i\u00e7me ve kullanma suyunun temin edildi\u011fi barajlardaki su durumu ve kirlilik iddialar\u0131n\u0131 a\u00e7\u0131kl\u0131k getirdi. &#8220;Bodrum\u2019a su temininde s\u0131k\u0131nt\u0131 yok&#8221; MUSK\u0130 Genel M\u00fcd\u00fcrl\u00fc\u011f\u00fcnden yap\u0131lan a\u00e7\u0131klamada, &#8220;Ge\u00e7ti\u011fimiz g\u00fcnlerde Bodrum\u2019da su rezervlerinin t\u00fckenme noktas\u0131na geldi\u011fi, Bodrum\u2019un 10 g\u00fcnl\u00fck suyu kald\u0131\u011f\u0131na ve su kirlili\u011fi ya\u015fand\u0131\u011f\u0131na dair birtak\u0131m a\u00e7\u0131klamalar\u0131n&#8230;<\/p>\n","protected":false},"author":1,"featured_media":63769,"comment_status":"open","ping_status":"open","sticky":false,"template":"","format":"standard","meta":{"_crdt_document":"","footnotes":""},"categories":[2],"tags":[],"class_list":["post-63768","post","type-post","status-publish","format-standard","has-post-thumbnail","hentry","category-saglik"],"_links":{"self":[{"href":"https:\/\/www.egemtv.com\/index.php?rest_route=\/wp\/v2\/posts\/63768","targetHints":{"allow":["GET"]}}],"collection":[{"href":"https:\/\/www.egemtv.com\/index.php?rest_route=\/wp\/v2\/posts"}],"about":[{"href":"https:\/\/www.egemtv.com\/index.php?rest_route=\/wp\/v2\/types\/post"}],"author":[{"embeddable":true,"href":"https:\/\/www.egemtv.com\/index.php?rest_route=\/wp\/v2\/users\/1"}],"replies":[{"embeddable":true,"href":"https:\/\/www.egemtv.com\/index.php?rest_route=%2Fwp%2Fv2%2Fcomments&post=63768"}],"version-history":[{"count":1,"href":"https:\/\/www.egemtv.com\/index.php?rest_route=\/wp\/v2\/posts\/63768\/revisions"}],"predecessor-version":[{"id":63770,"href":"https:\/\/www.egemtv.com\/index.php?rest_route=\/wp\/v2\/posts\/63768\/revisions\/63770"}],"wp:featuredmedia":[{"embeddable":true,"href":"https:\/\/www.egemtv.com\/index.php?rest_route=\/wp\/v2\/media\/63769"}],"wp:attachment":[{"href":"https:\/\/www.egemtv.com\/index.php?rest_route=%2Fwp%2Fv2%2Fmedia&parent=63768"}],"wp:term":[{"taxonomy":"category","embeddable":true,"href":"https:\/\/www.egemtv.com\/index.php?rest_route=%2Fwp%2Fv2%2Fcategories&post=63768"},{"taxonomy":"post_tag","embeddable":true,"href":"https:\/\/www.egemtv.com\/index.php?rest_route=%2Fwp%2Fv2%2Ftags&post=63768"}],"curies":[{"name":"wp","href":"https:\/\/api.w.org\/{rel}","templated":true}]}}