{"id":63765,"date":"2025-10-25T13:35:02","date_gmt":"2025-10-25T10:35:02","guid":{"rendered":"https:\/\/www.egemtv.com\/?p=63765"},"modified":"2025-10-25T13:35:06","modified_gmt":"2025-10-25T10:35:06","slug":"kuruyan-cam-agaci-agirliga-dayanamayarak-yol-devrildi","status":"publish","type":"post","link":"https:\/\/www.egemtv.com\/?p=63765","title":{"rendered":"Kuruyan \u00e7am a\u011fac\u0131 a\u011f\u0131rl\u0131\u011fa dayanamayarak yol devrildi"},"content":{"rendered":"<p>Ayd\u0131n\u2019\u0131n Efeler il\u00e7esinde kald\u0131r\u0131m kenar\u0131nda bulunan ve zamanla kuruyan \u00e7am a\u011fac\u0131 bir anda yola devrildi. B\u00fcy\u00fck bir g\u00fcr\u00fclt\u00fc ile devrilen a\u011fa\u00e7 korkuya sebep olurken, \u015fans eseri olayda yaralanan olmad\u0131.<br \/>\n<br \/>Olay, Efeler il\u00e7esi Girne Mahallesi \u015eehitler Bulvar\u0131 \u00fczerinde meydana geldi. Edinilen bilgiye g\u00f6re Huzurevi \u00f6n\u00fcndeki kald\u0131r\u0131mda bulunan b\u00fcy\u00fck \u00e7am a\u011fac\u0131, zamanla kurumas\u0131 sebebiyle \u00fczerindeki a\u011f\u0131rl\u0131\u011fa dayanamayarak bir anda yol devrildi. B\u00fcy\u00fck bir g\u00fcr\u00fclt\u00fc ile devrilen a\u011fa\u00e7, \u00e7evre sakinlerinde korkuya sebep olurken, \u015fans eseri olayda yaralanan olmad\u0131. Vatanda\u015flar durumu 112 Acil \u00c7a\u011fr\u0131 Merkezi\u2019ne bildirdi. \u0130hbar \u00fczerine b\u00f6lgeye polis ve itfaiye ekipleri sevk edildi. A\u011fac\u0131n devrilen dallar\u0131 sebebiyle yol, trafi\u011fe kapan\u0131rken, trafik ekipleri yolda g\u00fcvenlik \u00f6nlemi ald\u0131. Trafik bir s\u00fcre tek \u015feritten devam ettirilirken, devrilen a\u011fa\u00e7, b\u00f6lgeye sevk edilen belediye ekiplerince temizlenerek kald\u0131r\u0131ld\u0131. A\u011fac\u0131n kald\u0131r\u0131lmas\u0131n\u0131n ard\u0131ndan yol yeniden trafi\u011fe a\u00e7\u0131ld\u0131. Yetkililere seslenen b\u00f6lge sakinleri ise il\u00e7e genelinde bulunan bir\u00e7ok eski \u00e7am a\u011fac\u0131n\u0131n dallar\u0131n\u0131n devrildi\u011fini belirterek herhangi bir yaralanman\u0131n \u00f6n\u00fcne ge\u00e7ilmesi i\u00e7in a\u011fa\u00e7lar\u0131n bak\u0131mlar\u0131n\u0131n yap\u0131lmas\u0131 ve budanmas\u0131n\u0131 istedi.<br \/><\/p>\n","protected":false},"excerpt":{"rendered":"<p>Ayd\u0131n\u2019\u0131n Efeler il\u00e7esinde kald\u0131r\u0131m kenar\u0131nda bulunan ve zamanla kuruyan \u00e7am a\u011fac\u0131 bir anda yola devrildi. B\u00fcy\u00fck bir g\u00fcr\u00fclt\u00fc ile devrilen a\u011fa\u00e7 korkuya sebep olurken, \u015fans eseri olayda yaralanan olmad\u0131. Olay, Efeler il\u00e7esi Girne Mahallesi \u015eehitler Bulvar\u0131 \u00fczerinde meydana geldi. Edinilen bilgiye g\u00f6re Huzurevi \u00f6n\u00fcndeki kald\u0131r\u0131mda bulunan b\u00fcy\u00fck \u00e7am a\u011fac\u0131, zamanla kurumas\u0131 sebebiyle \u00fczerindeki a\u011f\u0131rl\u0131\u011fa dayanamayarak&#8230;<\/p>\n","protected":false},"author":1,"featured_media":63766,"comment_status":"open","ping_status":"open","sticky":false,"template":"","format":"standard","meta":{"_crdt_document":"","footnotes":""},"categories":[5],"tags":[],"class_list":["post-63765","post","type-post","status-publish","format-standard","has-post-thumbnail","hentry","category-asayis"],"_links":{"self":[{"href":"https:\/\/www.egemtv.com\/index.php?rest_route=\/wp\/v2\/posts\/63765","targetHints":{"allow":["GET"]}}],"collection":[{"href":"https:\/\/www.egemtv.com\/index.php?rest_route=\/wp\/v2\/posts"}],"about":[{"href":"https:\/\/www.egemtv.com\/index.php?rest_route=\/wp\/v2\/types\/post"}],"author":[{"embeddable":true,"href":"https:\/\/www.egemtv.com\/index.php?rest_route=\/wp\/v2\/users\/1"}],"replies":[{"embeddable":true,"href":"https:\/\/www.egemtv.com\/index.php?rest_route=%2Fwp%2Fv2%2Fcomments&post=63765"}],"version-history":[{"count":1,"href":"https:\/\/www.egemtv.com\/index.php?rest_route=\/wp\/v2\/posts\/63765\/revisions"}],"predecessor-version":[{"id":63767,"href":"https:\/\/www.egemtv.com\/index.php?rest_route=\/wp\/v2\/posts\/63765\/revisions\/63767"}],"wp:featuredmedia":[{"embeddable":true,"href":"https:\/\/www.egemtv.com\/index.php?rest_route=\/wp\/v2\/media\/63766"}],"wp:attachment":[{"href":"https:\/\/www.egemtv.com\/index.php?rest_route=%2Fwp%2Fv2%2Fmedia&parent=63765"}],"wp:term":[{"taxonomy":"category","embeddable":true,"href":"https:\/\/www.egemtv.com\/index.php?rest_route=%2Fwp%2Fv2%2Fcategories&post=63765"},{"taxonomy":"post_tag","embeddable":true,"href":"https:\/\/www.egemtv.com\/index.php?rest_route=%2Fwp%2Fv2%2Ftags&post=63765"}],"curies":[{"name":"wp","href":"https:\/\/api.w.org\/{rel}","templated":true}]}}