{"id":63762,"date":"2025-10-25T13:34:58","date_gmt":"2025-10-25T10:34:58","guid":{"rendered":"https:\/\/www.egemtv.com\/?p=63762"},"modified":"2025-10-25T13:35:00","modified_gmt":"2025-10-25T10:35:00","slug":"ogrenciler-afetler-ve-112-acil-cagri-merkezi-hakkinda-bilgilendirildi","status":"publish","type":"post","link":"https:\/\/www.egemtv.com\/?p=63762","title":{"rendered":"\u00d6\u011frenciler afetler ve 112 Acil \u00c7a\u011fr\u0131 Merkezi hakk\u0131nda bilgilendirildi"},"content":{"rendered":"<p>K\u00fctahya\u2019da anas\u0131n\u0131f\u0131 ve 1\u2019inci s\u0131n\u0131f \u00f6\u011frencilerine afetler ve 112 Acil \u00c7a\u011fr\u0131 Merkezi hakk\u0131nda bilgilendirme yap\u0131ld\u0131.<br \/>\n<br \/>\u2019Ye\u015fil Vatan-Benim Okulum Gelece\u011fe \u00c7are\u2019 etkinlikleri, ekim ay\u0131nda \u2019Afetler ve Dayan\u0131kl\u0131l\u0131k\u2019 temas\u0131 ile s\u00fcr\u00fcyor. Bu \u00e7er\u00e7evede, Alt\u0131nta\u015f Toplum Sa\u011fl\u0131\u011f\u0131 Merkezi personelinin katk\u0131lar\u0131yla anas\u0131n\u0131f\u0131 ve 1\u2019inci s\u0131n\u0131f \u00f6\u011frencilerine uzmanlar taraf\u0131ndan bilgilendirmede bulunuldu. Etkinlikte, \u00f6\u011frencilere afet an\u0131nda nas\u0131l davranmalar\u0131 gerekti\u011fi ve 112 Acil \u00c7a\u011fr\u0131 Merkezi\u2019nin hayati \u00f6nemi anlat\u0131ld\u0131.<br \/><\/p>\n","protected":false},"excerpt":{"rendered":"<p>K\u00fctahya\u2019da anas\u0131n\u0131f\u0131 ve 1\u2019inci s\u0131n\u0131f \u00f6\u011frencilerine afetler ve 112 Acil \u00c7a\u011fr\u0131 Merkezi hakk\u0131nda bilgilendirme yap\u0131ld\u0131. \u2019Ye\u015fil Vatan-Benim Okulum Gelece\u011fe \u00c7are\u2019 etkinlikleri, ekim ay\u0131nda \u2019Afetler ve Dayan\u0131kl\u0131l\u0131k\u2019 temas\u0131 ile s\u00fcr\u00fcyor. Bu \u00e7er\u00e7evede, Alt\u0131nta\u015f Toplum Sa\u011fl\u0131\u011f\u0131 Merkezi personelinin katk\u0131lar\u0131yla anas\u0131n\u0131f\u0131 ve 1\u2019inci s\u0131n\u0131f \u00f6\u011frencilerine uzmanlar taraf\u0131ndan bilgilendirmede bulunuldu. Etkinlikte, \u00f6\u011frencilere afet an\u0131nda nas\u0131l davranmalar\u0131 gerekti\u011fi ve 112&#8230;<\/p>\n","protected":false},"author":1,"featured_media":63763,"comment_status":"open","ping_status":"open","sticky":false,"template":"","format":"standard","meta":{"_crdt_document":"","footnotes":""},"categories":[1],"tags":[],"class_list":["post-63762","post","type-post","status-publish","format-standard","has-post-thumbnail","hentry","category-guncel"],"_links":{"self":[{"href":"https:\/\/www.egemtv.com\/index.php?rest_route=\/wp\/v2\/posts\/63762","targetHints":{"allow":["GET"]}}],"collection":[{"href":"https:\/\/www.egemtv.com\/index.php?rest_route=\/wp\/v2\/posts"}],"about":[{"href":"https:\/\/www.egemtv.com\/index.php?rest_route=\/wp\/v2\/types\/post"}],"author":[{"embeddable":true,"href":"https:\/\/www.egemtv.com\/index.php?rest_route=\/wp\/v2\/users\/1"}],"replies":[{"embeddable":true,"href":"https:\/\/www.egemtv.com\/index.php?rest_route=%2Fwp%2Fv2%2Fcomments&post=63762"}],"version-history":[{"count":1,"href":"https:\/\/www.egemtv.com\/index.php?rest_route=\/wp\/v2\/posts\/63762\/revisions"}],"predecessor-version":[{"id":63764,"href":"https:\/\/www.egemtv.com\/index.php?rest_route=\/wp\/v2\/posts\/63762\/revisions\/63764"}],"wp:featuredmedia":[{"embeddable":true,"href":"https:\/\/www.egemtv.com\/index.php?rest_route=\/wp\/v2\/media\/63763"}],"wp:attachment":[{"href":"https:\/\/www.egemtv.com\/index.php?rest_route=%2Fwp%2Fv2%2Fmedia&parent=63762"}],"wp:term":[{"taxonomy":"category","embeddable":true,"href":"https:\/\/www.egemtv.com\/index.php?rest_route=%2Fwp%2Fv2%2Fcategories&post=63762"},{"taxonomy":"post_tag","embeddable":true,"href":"https:\/\/www.egemtv.com\/index.php?rest_route=%2Fwp%2Fv2%2Ftags&post=63762"}],"curies":[{"name":"wp","href":"https:\/\/api.w.org\/{rel}","templated":true}]}}