{"id":63759,"date":"2025-10-25T13:34:55","date_gmt":"2025-10-25T10:34:55","guid":{"rendered":"https:\/\/www.egemtv.com\/?p=63759"},"modified":"2025-10-25T13:34:56","modified_gmt":"2025-10-25T10:34:56","slug":"baskan-basdegirmen-goreve-geldigimizden-beri-hem-tamircilik-hem-temizlikcilik-yapiyoruz","status":"publish","type":"post","link":"https:\/\/www.egemtv.com\/?p=63759","title":{"rendered":"Ba\u015fkan Ba\u015fde\u011firmen: &#8220;G\u00f6reve geldi\u011fimizden beri hem tamircilik hem temizlik\u00e7ilik yap\u0131yoruz&#8221;"},"content":{"rendered":"<p>Isparta Belediye Ba\u015fkan\u0131 \u015e\u00fckr\u00fc Ba\u015fde\u011firmen, Gazi Kemal ve \u0130skender Mahallelerinde esnaf ve vatanda\u015flarla bir araya geldi. Damgac\u0131 Sokak\u2019ta sokak sa\u011fl\u0131kla\u015ft\u0131rmas\u0131 \u00e7al\u0131\u015fmas\u0131 yapt\u0131klar\u0131n\u0131, Gazi Kemal ve \u0130skender Mahallerinde uygunsuz durumlar\u0131n ya\u015fand\u0131\u011f\u0131 metruk evleri izinler dahilinde y\u0131kt\u0131klar\u0131n\u0131 belirten Ba\u015fkan Ba\u015fde\u011firmen, &#8220;Biz g\u00f6reve geldi\u011fimiz g\u00fcnden beri hem tamircilik hem temizlik\u00e7ilik yap\u0131yoruz. \u015eehrimizin baz\u0131 noktalar\u0131nda b\u0131rak\u0131lm\u0131\u015f, kullan\u0131lamaz hale gelmi\u015f yerleri tertemiz etmeye \u00e7al\u0131\u015f\u0131yoruz&#8221; dedi.<br \/>\n<br \/>Belediye Ba\u015fkan\u0131 \u015e\u00fckr\u00fc Ba\u015fde\u011firmen, esnaf ve vatanda\u015f bulu\u015fmalar\u0131na devam ediyor. Ba\u015fkan Ba\u015fde\u011firmen, Gazi Kemal ve \u0130skender Mahallelerinde esnaf ve vatanda\u015flarla bir araya geldi, talep ve \u00f6nerilerini dinledi, yap\u0131lmas\u0131 gerekenlerle ilgili kar\u015f\u0131l\u0131kl\u0131 isti\u015farelerde bulundu. El Ele Derne\u011fi ev sahipli\u011finde ger\u00e7ekle\u015fen bulu\u015fmaya belediye ba\u015fkan yard\u0131mc\u0131lar\u0131, daire m\u00fcd\u00fcrleri, El Ele Derne\u011fi Ba\u015fkan\u0131 ve Belediye Meclis \u00dcyesi Canan Ayd\u0131n da kat\u0131ld\u0131.<br \/>\n<br \/>Gazi Kemal Mahallesi Muhtar\u0131 M\u00fcrsel G\u00fcrsel, esnaf ve halk bulu\u015fmas\u0131ndan dolay\u0131 Belediye Ba\u015fkan\u0131 \u015e\u00fckr\u00fc Ba\u015fde\u011firmen\u2019e te\u015fekk\u00fcr ederek, &#8220;Mahallem ve \u015fahs\u0131m ad\u0131na size binlerce te\u015fekk\u00fcr ediyorum. Mahallemizde hizmetler en g\u00fczel \u015fekilde yap\u0131l\u0131yor&#8221; dedi.<br \/>\n<br \/>\u0130skender Mahallesi Muhtar\u0131 Ramazan Geyranl\u0131 da Belediye Ba\u015fkan\u0131 \u015e\u00fckr\u00fc Ba\u015fde\u011firmen\u2019in g\u00f6reve geldi\u011fi ilk g\u00fcnden bu yana en g\u00fczel hizmetleri verdi\u011fini belirtti. Geyranl\u0131, &#8220;121 caddeyi \u0131\u015f\u0131kland\u0131rd\u0131n\u0131z. Mahallemizde bir yerimiz vard\u0131 orada bayan tuvaleti yapt\u0131n\u0131z. Gereken her t\u00fcrl\u00fc deste\u011fi veriyorsunuz. Te\u015fekk\u00fcr ediyorum&#8221; ifadelerinde bulundu.<br \/>\n<br \/>Belediye Ba\u015fkan\u0131 \u015e\u00fckr\u00fc Ba\u015fde\u011firmen, El Ele Derne\u011fi\u2019nin G\u00fcl K\u00f6\u015fk\u00fc\u2019n\u00fc en g\u00fczel bir \u015fekilde de\u011ferlendirdi\u011fini ifade ederek, dernek ba\u015fkan\u0131 Canan Ayd\u0131n ve ekibine te\u015fekk\u00fcr etti. Esnaf ve vatanda\u015flarla s\u00fcrekli bir araya geldiklerini belirten Ba\u015fkan Ba\u015fde\u011firmen, bu toplant\u0131larla esnaf ve vatanda\u015flar\u0131n taleplerini ald\u0131klar\u0131n\u0131 s\u00f6yledi. Ba\u015fkan Ba\u015fde\u011firmen, Isparta\u2019n\u0131n daha da geli\u015fmesi i\u00e7in yeni fikirlere a\u00e7\u0131k olduklar\u0131n\u0131 vurgulad\u0131.<\/p>\n<p>&#8220;Beyaz ve K\u0131rm\u0131z\u0131 evi sat\u0131n ald\u0131k, restore ediyoruz&#8221;<br \/>\n<br \/>Esnaf ve vatanda\u015flar da tek tek s\u00f6z alarak talep, \u00f6neri ve d\u00fc\u015f\u00fcncelerini Ba\u015fkan Ba\u015fde\u011firmen\u2019e aktard\u0131. Gazi Kemal Mahallesi\u2019nde ikamet eden emekli AFAD \u0130l M\u00fcd\u00fcr\u00fc Ethem K\u0131l\u0131\u00e7arslan, Ba\u015fkan Ba\u015fde\u011firmen\u2019in hizmetlerini saymakla bitiremediklerini ifade ederek, 45 y\u0131ld\u0131r Isparta\u2019da ya\u015fad\u0131\u011f\u0131n\u0131, Ba\u015fkan Ba\u015fde\u011firmen\u2019in son 5 y\u0131lda \u015fehrin \u00e7ehresini T\u00fcrkiye konumuna getirdi\u011fini s\u00f6yledi. K\u0131l\u0131\u00e7arslan, &#8220;Mahallemizde baz\u0131 b\u00f6lgelerde kald\u0131r\u0131m \u00e7al\u0131\u015fmalar\u0131 ba\u015flad\u0131. Eski m\u00fcft\u00fcl\u00fck caddesine inen yolda da bir kald\u0131r\u0131m \u00e7al\u0131\u015fmas\u0131 olursa iyi olur. Damgac\u0131 Sokakta bulunan otopark alan\u0131na \u00e7ok g\u00fczel bir park olabilir. 3-4 bo\u015f evimiz var oralarda hizmete sunulursa \u015fehrimize g\u00fczel katk\u0131 sa\u011flar&#8221; derken Ba\u015fkan Ba\u015fde\u011firmen, K\u0131l\u0131\u00e7arslan\u2019\u0131n belirtti\u011fi b\u00f6lgede de kald\u0131r\u0131m \u00e7al\u0131\u015fma yap\u0131lmas\u0131 talimat\u0131 verdi. Ba\u015fkan Ba\u015fde\u011firmen, &#8220;Otopark alan\u0131n\u0131n park olmas\u0131 g\u00fczel olur. Ancak An\u0131tlar Kurulu her \u015fey yap\u0131lmas\u0131na izin vermiyor. Damgac\u0131 Sokak\u2019ta izinler dahilinde d\u0131\u015f cephelerde sokak sa\u011fl\u0131kla\u015ft\u0131rmas\u0131 yapt\u0131k. Bina i\u00e7erisine giremiyoruz. Beyaz ve K\u0131rm\u0131z\u0131 evi belediye olarak sat\u0131n ald\u0131k. Beyaz evi ihaleye verdik, i\u015fe ba\u015fland\u0131. K\u0131rm\u0131z\u0131 evi de yak\u0131nda ihale edece\u011fiz. Bunlar\u0131 yapt\u0131ktan sonra An\u0131tlar Kurulu\u2019nun izniyle s\u00f6yledi\u011finiz gibi de\u011ferlendirebiliriz&#8221; dedi.<\/p>\n<p>Okul \u00e7evresi i\u00e7in talimat<br \/>\n<br \/>Esnaf ve vatanda\u015flar da Belediye Ba\u015fkan\u0131 \u015e\u00fckr\u00fc Ba\u015fde\u011firmen\u2019e verdi\u011fi hizmetlerden dolay\u0131 te\u015fekk\u00fcrlerini ilettiler. Cumhuriyet \u0130lkokulu\u2019nun etraf\u0131ndaki demirlerin k\u0131sa olmas\u0131 nedeniyle \u00e7ocuklar\u0131n top oynad\u0131\u011f\u0131 zaman topun okul d\u0131\u015f\u0131na ka\u00e7t\u0131\u011f\u0131n\u0131, bu durumun da esnaf i\u00e7in problem oldu\u011fu y\u00f6n\u00fcndeki taleple ilgili Ba\u015fkan Ba\u015fde\u011firmen, okul etraf\u0131nda gerekli \u00e7al\u0131\u015fman\u0131n yap\u0131lmas\u0131 talimat\u0131n\u0131 verdi.<\/p>\n<p>&#8220;Metruk ev y\u0131k\u0131m\u0131na m\u00fcracaat ediyoruz ama izin verilmiyor&#8221;<br \/>\n<br \/>\u0130mam Hasan Sokak\u2019ta ikamet etti\u011fini dile getiren bir vatanda\u015f da &#8220;Metruk evlerde baz\u0131 olumsuz durumlar ya\u015fan\u0131yor. Kom\u015fumla korkuyoruz, onlar\u0131 y\u0131kamaz m\u0131y\u0131z&#8221; dedi. Belediye Ba\u015fkan\u0131 \u015e\u00fckr\u00fc Ba\u015fde\u011firmen, &#8220;Tarihi eserler kanununda baz\u0131 eksiklikler oldu\u011funu d\u00fc\u015f\u00fcn\u00fcyorum. Biz metruk evlerin y\u0131k\u0131m\u0131 i\u00e7in m\u00fcracaat ediyoruz ama izin vermiyorlar. Gazi Kemal Mahallesi\u2019nde 30-40, 30 tane \u0130skender Mahallesi\u2019nde metruk ev y\u0131kt\u0131k. Ama bunlar\u0131n durumlar\u0131n\u0131 anlata anlata, u\u011fra\u015fa u\u011fra\u015fa y\u0131kt\u0131k. Sizin s\u00f6yledi\u011finiz evlerin de m\u00fcracaatlar\u0131n\u0131 mutlaka yapm\u0131\u015f\u0131zd\u0131r, onlarla ilgilenelim. Biz g\u00f6reve geldi\u011fimiz g\u00fcnden beri hem tamircilik hem temizlik\u00e7ilik yap\u0131yoruz. \u015eehrimizin baz\u0131 noktalar\u0131nda b\u0131rak\u0131lm\u0131\u015f, kullan\u0131lamaz hale gelmi\u015f yerleri tertemiz etmeye \u00e7al\u0131\u015f\u0131yoruz. Buraya da bakal\u0131m, imar m\u00fcd\u00fcr\u00fcm\u00fcz orayla ilgilensin&#8221; ifadelerinde bulundu.<br \/>\n<br \/>Esnaf ve vatanda\u015flar, Ba\u015fkan Ba\u015fde\u011firmen\u2019in her zaman kendilerinin yan\u0131nda olduklar\u0131n\u0131 vurgulayarak, te\u015fekk\u00fcr ettiler. Ba\u015fkan Ba\u015fde\u011firmen, programa kat\u0131lan \u00e7ocuklara Ispartaspor formas\u0131 ve futbol topu hediye etti.<br \/>\n<br \/>Program hat\u0131ra foto\u011fraf \u00e7ekimiyle sona erdi.<br \/><\/p>\n","protected":false},"excerpt":{"rendered":"<p>Isparta Belediye Ba\u015fkan\u0131 \u015e\u00fckr\u00fc Ba\u015fde\u011firmen, Gazi Kemal ve \u0130skender Mahallelerinde esnaf ve vatanda\u015flarla bir araya geldi. Damgac\u0131 Sokak\u2019ta sokak sa\u011fl\u0131kla\u015ft\u0131rmas\u0131 \u00e7al\u0131\u015fmas\u0131 yapt\u0131klar\u0131n\u0131, Gazi Kemal ve \u0130skender Mahallerinde uygunsuz durumlar\u0131n ya\u015fand\u0131\u011f\u0131 metruk evleri izinler dahilinde y\u0131kt\u0131klar\u0131n\u0131 belirten Ba\u015fkan Ba\u015fde\u011firmen, &#8220;Biz g\u00f6reve geldi\u011fimiz g\u00fcnden beri hem tamircilik hem temizlik\u00e7ilik yap\u0131yoruz. \u015eehrimizin baz\u0131 noktalar\u0131nda b\u0131rak\u0131lm\u0131\u015f, kullan\u0131lamaz hale gelmi\u015f&#8230;<\/p>\n","protected":false},"author":1,"featured_media":63760,"comment_status":"open","ping_status":"open","sticky":false,"template":"","format":"standard","meta":{"_crdt_document":"","footnotes":""},"categories":[127],"tags":[],"class_list":["post-63759","post","type-post","status-publish","format-standard","has-post-thumbnail","hentry","category-siyaset"],"_links":{"self":[{"href":"https:\/\/www.egemtv.com\/index.php?rest_route=\/wp\/v2\/posts\/63759","targetHints":{"allow":["GET"]}}],"collection":[{"href":"https:\/\/www.egemtv.com\/index.php?rest_route=\/wp\/v2\/posts"}],"about":[{"href":"https:\/\/www.egemtv.com\/index.php?rest_route=\/wp\/v2\/types\/post"}],"author":[{"embeddable":true,"href":"https:\/\/www.egemtv.com\/index.php?rest_route=\/wp\/v2\/users\/1"}],"replies":[{"embeddable":true,"href":"https:\/\/www.egemtv.com\/index.php?rest_route=%2Fwp%2Fv2%2Fcomments&post=63759"}],"version-history":[{"count":1,"href":"https:\/\/www.egemtv.com\/index.php?rest_route=\/wp\/v2\/posts\/63759\/revisions"}],"predecessor-version":[{"id":63761,"href":"https:\/\/www.egemtv.com\/index.php?rest_route=\/wp\/v2\/posts\/63759\/revisions\/63761"}],"wp:featuredmedia":[{"embeddable":true,"href":"https:\/\/www.egemtv.com\/index.php?rest_route=\/wp\/v2\/media\/63760"}],"wp:attachment":[{"href":"https:\/\/www.egemtv.com\/index.php?rest_route=%2Fwp%2Fv2%2Fmedia&parent=63759"}],"wp:term":[{"taxonomy":"category","embeddable":true,"href":"https:\/\/www.egemtv.com\/index.php?rest_route=%2Fwp%2Fv2%2Fcategories&post=63759"},{"taxonomy":"post_tag","embeddable":true,"href":"https:\/\/www.egemtv.com\/index.php?rest_route=%2Fwp%2Fv2%2Ftags&post=63759"}],"curies":[{"name":"wp","href":"https:\/\/api.w.org\/{rel}","templated":true}]}}