{"id":63756,"date":"2025-10-25T13:15:14","date_gmt":"2025-10-25T10:15:14","guid":{"rendered":"https:\/\/www.egemtv.com\/?p=63756"},"modified":"2025-10-25T13:15:16","modified_gmt":"2025-10-25T10:15:16","slug":"nasil-fidan-dikilecegi-minik-ogrencilere-uygulamali-olarak-anlatildi","status":"publish","type":"post","link":"https:\/\/www.egemtv.com\/?p=63756","title":{"rendered":"Nas\u0131l fidan dikilece\u011fi minik \u00f6\u011frencilere uygulamal\u0131 olarak anlat\u0131ld\u0131"},"content":{"rendered":"<p>K\u00fctahya\u2019da Gazi Kemal \u0130lkokulu\u2019nda ger\u00e7ekle\u015ftirilen fidan dikme etkinli\u011finde anas\u0131n\u0131f\u0131 \u00f6\u011frencilerine uygulamal\u0131 e\u011fitim verildi.<br \/>\n<br \/>Tar\u0131msal \u00fcretim ve ye\u015fil vatan konular\u0131nda daha bilin\u00e7li nesillerin yeti\u015fmesi amac\u0131yla \u2019T\u00fcrkiye Y\u00fczy\u0131l\u0131 Maarif Modeli Erdem-De\u011fer-Eylem\u2019 program\u0131 \u00e7er\u00e7evesinde, \u2019Ye\u015fil Vatan &#8211; Benim Okulum Gelece\u011fe \u00c7are\u2019 etkinlikleri yap\u0131l\u0131yor. Bu kapsamda, Emet \u0130l\u00e7e Milli E\u011fitim M\u00fcd\u00fcrl\u00fc\u011f\u00fc ile \u0130l\u00e7e Tar\u0131m ve Orman M\u00fcd\u00fcrl\u00fc\u011f\u00fc\u2019nce Gazi Kemal \u0130lkokulu\u2019nda fidan dikme etkinli\u011fi d\u00fczenlendi. Ger\u00e7ekle\u015ftirilen etkinlikte, anas\u0131n\u0131f \u00f6\u011frencilerine ve idarecilere y\u00f6nelik e\u011fitim verildi. Fidan\u0131n nas\u0131l dikilece\u011fi, hangi konulara dikkat edilece\u011fi ve do\u011fru sulama y\u00f6ntemleri uzmanlar taraf\u0131ndan uygulamal\u0131 olarak g\u00f6sterildi.<br \/><\/p>\n","protected":false},"excerpt":{"rendered":"<p>K\u00fctahya\u2019da Gazi Kemal \u0130lkokulu\u2019nda ger\u00e7ekle\u015ftirilen fidan dikme etkinli\u011finde anas\u0131n\u0131f\u0131 \u00f6\u011frencilerine uygulamal\u0131 e\u011fitim verildi. Tar\u0131msal \u00fcretim ve ye\u015fil vatan konular\u0131nda daha bilin\u00e7li nesillerin yeti\u015fmesi amac\u0131yla \u2019T\u00fcrkiye Y\u00fczy\u0131l\u0131 Maarif Modeli Erdem-De\u011fer-Eylem\u2019 program\u0131 \u00e7er\u00e7evesinde, \u2019Ye\u015fil Vatan &#8211; Benim Okulum Gelece\u011fe \u00c7are\u2019 etkinlikleri yap\u0131l\u0131yor. Bu kapsamda, Emet \u0130l\u00e7e Milli E\u011fitim M\u00fcd\u00fcrl\u00fc\u011f\u00fc ile \u0130l\u00e7e Tar\u0131m ve Orman M\u00fcd\u00fcrl\u00fc\u011f\u00fc\u2019nce Gazi Kemal&#8230;<\/p>\n","protected":false},"author":1,"featured_media":63757,"comment_status":"open","ping_status":"open","sticky":false,"template":"","format":"standard","meta":{"_crdt_document":"","footnotes":""},"categories":[1],"tags":[],"class_list":["post-63756","post","type-post","status-publish","format-standard","has-post-thumbnail","hentry","category-guncel"],"_links":{"self":[{"href":"https:\/\/www.egemtv.com\/index.php?rest_route=\/wp\/v2\/posts\/63756","targetHints":{"allow":["GET"]}}],"collection":[{"href":"https:\/\/www.egemtv.com\/index.php?rest_route=\/wp\/v2\/posts"}],"about":[{"href":"https:\/\/www.egemtv.com\/index.php?rest_route=\/wp\/v2\/types\/post"}],"author":[{"embeddable":true,"href":"https:\/\/www.egemtv.com\/index.php?rest_route=\/wp\/v2\/users\/1"}],"replies":[{"embeddable":true,"href":"https:\/\/www.egemtv.com\/index.php?rest_route=%2Fwp%2Fv2%2Fcomments&post=63756"}],"version-history":[{"count":1,"href":"https:\/\/www.egemtv.com\/index.php?rest_route=\/wp\/v2\/posts\/63756\/revisions"}],"predecessor-version":[{"id":63758,"href":"https:\/\/www.egemtv.com\/index.php?rest_route=\/wp\/v2\/posts\/63756\/revisions\/63758"}],"wp:featuredmedia":[{"embeddable":true,"href":"https:\/\/www.egemtv.com\/index.php?rest_route=\/wp\/v2\/media\/63757"}],"wp:attachment":[{"href":"https:\/\/www.egemtv.com\/index.php?rest_route=%2Fwp%2Fv2%2Fmedia&parent=63756"}],"wp:term":[{"taxonomy":"category","embeddable":true,"href":"https:\/\/www.egemtv.com\/index.php?rest_route=%2Fwp%2Fv2%2Fcategories&post=63756"},{"taxonomy":"post_tag","embeddable":true,"href":"https:\/\/www.egemtv.com\/index.php?rest_route=%2Fwp%2Fv2%2Ftags&post=63756"}],"curies":[{"name":"wp","href":"https:\/\/api.w.org\/{rel}","templated":true}]}}