{"id":63753,"date":"2025-10-25T13:15:11","date_gmt":"2025-10-25T10:15:11","guid":{"rendered":"https:\/\/www.egemtv.com\/?p=63753"},"modified":"2025-10-25T13:15:13","modified_gmt":"2025-10-25T10:15:13","slug":"baskan-gencay-didimin-planli-guvenli-ve-estetik-bir-kent-olmasi-icin-calisiyoruz","status":"publish","type":"post","link":"https:\/\/www.egemtv.com\/?p=63753","title":{"rendered":"Ba\u015fkan Gen\u00e7ay: &#8220;Didim\u2019in planl\u0131, g\u00fcvenli ve estetik bir kent olmas\u0131 i\u00e7in \u00e7al\u0131\u015f\u0131yoruz&#8221;"},"content":{"rendered":"<p>\u0130n\u015faat M\u00fchendisleri Odas\u0131 temsilcileri ile bir araya gelen Didim Belediye Ba\u015fkan\u0131 Hatice Gen\u00e7ay; &#8220;Didim\u2019in planl\u0131, g\u00fcvenli ve estetik bir kent olarak geli\u015fmesi i\u00e7in at\u0131lacak ad\u0131mlar\u0131 de\u011ferlendirdik&#8221; dedi.<br \/>\n<br \/>Didim Belediye Ba\u015fkan\u0131 Hatice Gen\u00e7ay, yeni in\u015faat sezonunun ba\u015flamas\u0131yla birlikte kentteki yap\u0131la\u015fma s\u00fcre\u00e7lerinde \u00f6nemli rol \u00fcstlenen \u0130n\u015faat M\u00fchendisleri Odas\u0131 Didim Temsilcili\u011fi ile bir araya geldi. Ayd\u0131n \u0130n\u015faat M\u00fchendisleri Odas\u0131 Ba\u015fkan\u0131 Ali At\u0131l\u0131m Kahraman ve Didim Temsilcili\u011fi \u00fcyelerinin kat\u0131l\u0131m\u0131yla ger\u00e7ekle\u015ftirilen toplant\u0131da; Didim\u2019in planl\u0131 geli\u015fimi, g\u00fcvenli yap\u0131la\u015fma standartlar\u0131n\u0131n art\u0131r\u0131lmas\u0131 ve kentsel estetik anlay\u0131\u015f\u0131n\u0131n g\u00fc\u00e7lendirilmesi konular\u0131nda kapsaml\u0131 de\u011ferlendirmelerde bulunuldu. G\u00f6r\u00fc\u015fmede, belediye ile meslek odalar\u0131 aras\u0131ndaki i\u015f birli\u011finin \u00f6nemine dikkat \u00e7ekilerek, ortak hedefin Didim\u2019i \u00e7a\u011fda\u015f, g\u00fcvenli ve ya\u015fanabilir bir kent haline getirmek oldu\u011fu vurguland\u0131. Toplant\u0131n\u0131n ard\u0131ndan a\u00e7\u0131klamalarda bulunan Didim Belediye Ba\u015fkan\u0131 Hatice Gen\u00e7ay, Didim\u2019in gelece\u011fini \u015fekillendirecek ad\u0131mlar\u0131 ortak ak\u0131lla atmaya devam edeceklerini belirterek &#8220;Yeni in\u015faat sezonunun ba\u015flamas\u0131yla birlikte, kentimizin yap\u0131la\u015fma s\u00fcrecinde \u00f6nemli sorumluluk \u00fcstlenen \u0130n\u015faat M\u00fchendisleri Odas\u0131 Didim Temsilcili\u011fi ile bir araya geldik. Didim\u2019in planl\u0131, g\u00fcvenli ve estetik bir kent olarak geli\u015fmesi i\u00e7in at\u0131lacak ad\u0131mlar\u0131 de\u011ferlendirdik, i\u015f birli\u011fi ve koordinasyon konular\u0131nda fikir al\u0131\u015fveri\u015finde bulunduk. Eme\u011fi, uzmanl\u0131\u011f\u0131 ve katk\u0131lar\u0131yla kentimizin gelece\u011fine de\u011fer katan t\u00fcm m\u00fchendislerimize te\u015fekk\u00fcr ediyor, yeni sezonun Didim\u2019e hay\u0131rl\u0131 olmas\u0131n\u0131 diliyorum&#8221; dedi.<br \/><\/p>\n","protected":false},"excerpt":{"rendered":"<p>\u0130n\u015faat M\u00fchendisleri Odas\u0131 temsilcileri ile bir araya gelen Didim Belediye Ba\u015fkan\u0131 Hatice Gen\u00e7ay; &#8220;Didim\u2019in planl\u0131, g\u00fcvenli ve estetik bir kent olarak geli\u015fmesi i\u00e7in at\u0131lacak ad\u0131mlar\u0131 de\u011ferlendirdik&#8221; dedi. Didim Belediye Ba\u015fkan\u0131 Hatice Gen\u00e7ay, yeni in\u015faat sezonunun ba\u015flamas\u0131yla birlikte kentteki yap\u0131la\u015fma s\u00fcre\u00e7lerinde \u00f6nemli rol \u00fcstlenen \u0130n\u015faat M\u00fchendisleri Odas\u0131 Didim Temsilcili\u011fi ile bir araya geldi. Ayd\u0131n \u0130n\u015faat M\u00fchendisleri&#8230;<\/p>\n","protected":false},"author":1,"featured_media":63754,"comment_status":"open","ping_status":"open","sticky":false,"template":"","format":"standard","meta":{"_crdt_document":"","footnotes":""},"categories":[1],"tags":[],"class_list":["post-63753","post","type-post","status-publish","format-standard","has-post-thumbnail","hentry","category-guncel"],"_links":{"self":[{"href":"https:\/\/www.egemtv.com\/index.php?rest_route=\/wp\/v2\/posts\/63753","targetHints":{"allow":["GET"]}}],"collection":[{"href":"https:\/\/www.egemtv.com\/index.php?rest_route=\/wp\/v2\/posts"}],"about":[{"href":"https:\/\/www.egemtv.com\/index.php?rest_route=\/wp\/v2\/types\/post"}],"author":[{"embeddable":true,"href":"https:\/\/www.egemtv.com\/index.php?rest_route=\/wp\/v2\/users\/1"}],"replies":[{"embeddable":true,"href":"https:\/\/www.egemtv.com\/index.php?rest_route=%2Fwp%2Fv2%2Fcomments&post=63753"}],"version-history":[{"count":1,"href":"https:\/\/www.egemtv.com\/index.php?rest_route=\/wp\/v2\/posts\/63753\/revisions"}],"predecessor-version":[{"id":63755,"href":"https:\/\/www.egemtv.com\/index.php?rest_route=\/wp\/v2\/posts\/63753\/revisions\/63755"}],"wp:featuredmedia":[{"embeddable":true,"href":"https:\/\/www.egemtv.com\/index.php?rest_route=\/wp\/v2\/media\/63754"}],"wp:attachment":[{"href":"https:\/\/www.egemtv.com\/index.php?rest_route=%2Fwp%2Fv2%2Fmedia&parent=63753"}],"wp:term":[{"taxonomy":"category","embeddable":true,"href":"https:\/\/www.egemtv.com\/index.php?rest_route=%2Fwp%2Fv2%2Fcategories&post=63753"},{"taxonomy":"post_tag","embeddable":true,"href":"https:\/\/www.egemtv.com\/index.php?rest_route=%2Fwp%2Fv2%2Ftags&post=63753"}],"curies":[{"name":"wp","href":"https:\/\/api.w.org\/{rel}","templated":true}]}}