{"id":63723,"date":"2025-10-25T11:55:12","date_gmt":"2025-10-25T08:55:12","guid":{"rendered":"https:\/\/www.egemtv.com\/?p=63723"},"modified":"2025-10-25T11:55:13","modified_gmt":"2025-10-25T08:55:13","slug":"efelerli-kadin-ciftci-kendi-isletmesini-kurdu","status":"publish","type":"post","link":"https:\/\/www.egemtv.com\/?p=63723","title":{"rendered":"Efelerli kad\u0131n \u00e7ift\u00e7i kendi i\u015fletmesini kurdu"},"content":{"rendered":"<p>Ayd\u0131n\u2019\u0131n Efeler il\u00e7esinde Tar\u0131m ve Orman M\u00fcd\u00fcrl\u00fc\u011f\u00fc\u2019n\u00fcn deste\u011fiyle kendi i\u015fletmesini kuran kad\u0131n \u00e7ift\u00e7i Tu\u011fba Y\u0131ld\u0131r\u0131m, 25 b\u00fcy\u00fckba\u015f hayvanla s\u00fct s\u0131\u011f\u0131rc\u0131l\u0131\u011f\u0131na ba\u015flad\u0131.<\/p>\n<p>Efeler \u0130l\u00e7e Tar\u0131m ve Orman M\u00fcd\u00fcrl\u00fc\u011f\u00fc\u2019n\u00fcn deste\u011fiyle hayvanc\u0131l\u0131k sekt\u00f6r\u00fcne ad\u0131m atan kad\u0131n \u00fcretici Tu\u011fba Y\u0131ld\u0131r\u0131m, kendi s\u00fct s\u0131\u011f\u0131rc\u0131l\u0131\u011f\u0131 i\u015fletmesini kurdu. Ocak ay\u0131nda a\u00e7\u0131lan kursa kat\u0131larak sertifikas\u0131n\u0131 alan Y\u0131ld\u0131r\u0131m, kad\u0131n \u00e7ift\u00e7ilere \u00f6zel kredi uygulamas\u0131ndan yararlanarak hem kendi birikimleri hem de sa\u011flanan finansal destekle i\u015fletmesini faaliyete ge\u00e7irdi. Efeler \u0130l\u00e7e Tar\u0131m ve Orman M\u00fcd\u00fcrl\u00fc\u011f\u00fc ekipleri, bug\u00fcn Y\u0131ld\u0131r\u0131m\u2019\u0131 i\u015fletmesinde ziyaret ederek \u00fcretim faaliyetleri hakk\u0131nda incelemelerde bulundu. Ziyaret s\u0131ras\u0131nda, yeni destekleme modeli kapsam\u0131nda hayvanc\u0131l\u0131k destekleriyle ilgili de bilgilendirme yap\u0131ld\u0131. An itibar\u0131yla 25 b\u00fcy\u00fckba\u015f hayvana ula\u015fan Y\u0131ld\u0131r\u0131m\u2019\u0131n ba\u015far\u0131s\u0131n\u0131n memnuniyetle kar\u015f\u0131land\u0131\u011f\u0131 belirtilirken, Efeler \u0130l\u00e7e Tar\u0131m ve Orman M\u00fcd\u00fcrl\u00fc\u011f\u00fc taraf\u0131ndan yap\u0131lan a\u00e7\u0131klamada, &#8220;Kad\u0131n \u00fcreticilerimizin tar\u0131msal \u00fcretime kat\u0131l\u0131m\u0131n\u0131 te\u015fvik etmeye ve desteklemeye devam edece\u011fiz. Tu\u011fba Han\u0131m\u2019\u0131 tebrik ediyor, bol kazan\u00e7lar diliyoruz&#8221; ifadeleri yer ald\u0131.<br \/><\/p>\n","protected":false},"excerpt":{"rendered":"<p>Ayd\u0131n\u2019\u0131n Efeler il\u00e7esinde Tar\u0131m ve Orman M\u00fcd\u00fcrl\u00fc\u011f\u00fc\u2019n\u00fcn deste\u011fiyle kendi i\u015fletmesini kuran kad\u0131n \u00e7ift\u00e7i Tu\u011fba Y\u0131ld\u0131r\u0131m, 25 b\u00fcy\u00fckba\u015f hayvanla s\u00fct s\u0131\u011f\u0131rc\u0131l\u0131\u011f\u0131na ba\u015flad\u0131. Efeler \u0130l\u00e7e Tar\u0131m ve Orman M\u00fcd\u00fcrl\u00fc\u011f\u00fc\u2019n\u00fcn deste\u011fiyle hayvanc\u0131l\u0131k sekt\u00f6r\u00fcne ad\u0131m atan kad\u0131n \u00fcretici Tu\u011fba Y\u0131ld\u0131r\u0131m, kendi s\u00fct s\u0131\u011f\u0131rc\u0131l\u0131\u011f\u0131 i\u015fletmesini kurdu. Ocak ay\u0131nda a\u00e7\u0131lan kursa kat\u0131larak sertifikas\u0131n\u0131 alan Y\u0131ld\u0131r\u0131m, kad\u0131n \u00e7ift\u00e7ilere \u00f6zel kredi uygulamas\u0131ndan yararlanarak&#8230;<\/p>\n","protected":false},"author":1,"featured_media":63724,"comment_status":"open","ping_status":"open","sticky":false,"template":"","format":"standard","meta":{"_crdt_document":"","footnotes":""},"categories":[125],"tags":[],"class_list":["post-63723","post","type-post","status-publish","format-standard","has-post-thumbnail","hentry","category-ekonomi"],"_links":{"self":[{"href":"https:\/\/www.egemtv.com\/index.php?rest_route=\/wp\/v2\/posts\/63723","targetHints":{"allow":["GET"]}}],"collection":[{"href":"https:\/\/www.egemtv.com\/index.php?rest_route=\/wp\/v2\/posts"}],"about":[{"href":"https:\/\/www.egemtv.com\/index.php?rest_route=\/wp\/v2\/types\/post"}],"author":[{"embeddable":true,"href":"https:\/\/www.egemtv.com\/index.php?rest_route=\/wp\/v2\/users\/1"}],"replies":[{"embeddable":true,"href":"https:\/\/www.egemtv.com\/index.php?rest_route=%2Fwp%2Fv2%2Fcomments&post=63723"}],"version-history":[{"count":1,"href":"https:\/\/www.egemtv.com\/index.php?rest_route=\/wp\/v2\/posts\/63723\/revisions"}],"predecessor-version":[{"id":63725,"href":"https:\/\/www.egemtv.com\/index.php?rest_route=\/wp\/v2\/posts\/63723\/revisions\/63725"}],"wp:featuredmedia":[{"embeddable":true,"href":"https:\/\/www.egemtv.com\/index.php?rest_route=\/wp\/v2\/media\/63724"}],"wp:attachment":[{"href":"https:\/\/www.egemtv.com\/index.php?rest_route=%2Fwp%2Fv2%2Fmedia&parent=63723"}],"wp:term":[{"taxonomy":"category","embeddable":true,"href":"https:\/\/www.egemtv.com\/index.php?rest_route=%2Fwp%2Fv2%2Fcategories&post=63723"},{"taxonomy":"post_tag","embeddable":true,"href":"https:\/\/www.egemtv.com\/index.php?rest_route=%2Fwp%2Fv2%2Ftags&post=63723"}],"curies":[{"name":"wp","href":"https:\/\/api.w.org\/{rel}","templated":true}]}}