{"id":63717,"date":"2025-10-25T11:55:03","date_gmt":"2025-10-25T08:55:03","guid":{"rendered":"https:\/\/www.egemtv.com\/?p=63717"},"modified":"2025-10-25T11:55:06","modified_gmt":"2025-10-25T08:55:06","slug":"soloturk-buharkent-semalarinda-selamlama-gosterisi-yapacak","status":"publish","type":"post","link":"https:\/\/www.egemtv.com\/?p=63717","title":{"rendered":"SOLOT\u00dcRK, Buharkent semalar\u0131nda selamlama g\u00f6sterisi yapacak"},"content":{"rendered":"<p>Denizli\u2019deki g\u00f6steri u\u00e7u\u015fu \u00f6ncesinde SOLOT\u00dcRK ekibi, Ayd\u0131n\u2019\u0131n Buharkent il\u00e7esi semalar\u0131nda bug\u00fcn selamlama u\u00e7u\u015fu ger\u00e7ekle\u015ftirecek.<br \/>\n<br \/>T\u00fcrk Hava Kuvvetleri\u2019nin g\u00f6zbebe\u011fi SOLOT\u00dcRK ekibi, Denizli Pamukkale\u2019de 25 Ekim Cumartesi g\u00fcn\u00fc ger\u00e7ekle\u015fecek hava g\u00f6sterisi \u00f6ncesinde Buharkent semalar\u0131nda selamlama u\u00e7u\u015fu ger\u00e7ekle\u015ftirecek. Buharkent Belediye Ba\u015fkan\u0131 Mehmet Erol, sosyal medya hesab\u0131ndan yapt\u0131\u011f\u0131 duyuruda, F-16 g\u00f6steri u\u00e7a\u011f\u0131n\u0131n 14.45 &#8211; 15.00 saatleri aras\u0131nda il\u00e7e semalar\u0131nda u\u00e7aca\u011f\u0131n\u0131 belirterek t\u00fcm vatanda\u015flar\u0131 bu g\u00f6rsel \u015f\u00f6leni izlemeye davet etti. Ba\u015fkan Erol payla\u015f\u0131m\u0131nda, &#8220;Denizli\u2019deki g\u00f6steri \u00f6ncesi SOLOT\u00dcRK\u2019\u00fc il\u00e7emizde de g\u00f6recek olman\u0131n heyecan\u0131n\u0131 ya\u015f\u0131yoruz. T\u00fcm halk\u0131m\u0131z\u0131 bu gurur dolu ana tan\u0131kl\u0131k etmeye davet ediyoruz&#8221; ifadelerine yer verdi.<br \/><\/p>\n","protected":false},"excerpt":{"rendered":"<p>Denizli\u2019deki g\u00f6steri u\u00e7u\u015fu \u00f6ncesinde SOLOT\u00dcRK ekibi, Ayd\u0131n\u2019\u0131n Buharkent il\u00e7esi semalar\u0131nda bug\u00fcn selamlama u\u00e7u\u015fu ger\u00e7ekle\u015ftirecek. T\u00fcrk Hava Kuvvetleri\u2019nin g\u00f6zbebe\u011fi SOLOT\u00dcRK ekibi, Denizli Pamukkale\u2019de 25 Ekim Cumartesi g\u00fcn\u00fc ger\u00e7ekle\u015fecek hava g\u00f6sterisi \u00f6ncesinde Buharkent semalar\u0131nda selamlama u\u00e7u\u015fu ger\u00e7ekle\u015ftirecek. Buharkent Belediye Ba\u015fkan\u0131 Mehmet Erol, sosyal medya hesab\u0131ndan yapt\u0131\u011f\u0131 duyuruda, F-16 g\u00f6steri u\u00e7a\u011f\u0131n\u0131n 14.45 &#8211; 15.00 saatleri aras\u0131nda il\u00e7e semalar\u0131nda&#8230;<\/p>\n","protected":false},"author":1,"featured_media":63718,"comment_status":"open","ping_status":"open","sticky":false,"template":"","format":"standard","meta":{"_crdt_document":"","footnotes":""},"categories":[1],"tags":[],"class_list":["post-63717","post","type-post","status-publish","format-standard","has-post-thumbnail","hentry","category-guncel"],"_links":{"self":[{"href":"https:\/\/www.egemtv.com\/index.php?rest_route=\/wp\/v2\/posts\/63717","targetHints":{"allow":["GET"]}}],"collection":[{"href":"https:\/\/www.egemtv.com\/index.php?rest_route=\/wp\/v2\/posts"}],"about":[{"href":"https:\/\/www.egemtv.com\/index.php?rest_route=\/wp\/v2\/types\/post"}],"author":[{"embeddable":true,"href":"https:\/\/www.egemtv.com\/index.php?rest_route=\/wp\/v2\/users\/1"}],"replies":[{"embeddable":true,"href":"https:\/\/www.egemtv.com\/index.php?rest_route=%2Fwp%2Fv2%2Fcomments&post=63717"}],"version-history":[{"count":1,"href":"https:\/\/www.egemtv.com\/index.php?rest_route=\/wp\/v2\/posts\/63717\/revisions"}],"predecessor-version":[{"id":63719,"href":"https:\/\/www.egemtv.com\/index.php?rest_route=\/wp\/v2\/posts\/63717\/revisions\/63719"}],"wp:featuredmedia":[{"embeddable":true,"href":"https:\/\/www.egemtv.com\/index.php?rest_route=\/wp\/v2\/media\/63718"}],"wp:attachment":[{"href":"https:\/\/www.egemtv.com\/index.php?rest_route=%2Fwp%2Fv2%2Fmedia&parent=63717"}],"wp:term":[{"taxonomy":"category","embeddable":true,"href":"https:\/\/www.egemtv.com\/index.php?rest_route=%2Fwp%2Fv2%2Fcategories&post=63717"},{"taxonomy":"post_tag","embeddable":true,"href":"https:\/\/www.egemtv.com\/index.php?rest_route=%2Fwp%2Fv2%2Ftags&post=63717"}],"curies":[{"name":"wp","href":"https:\/\/api.w.org\/{rel}","templated":true}]}}