{"id":63708,"date":"2025-10-25T11:35:00","date_gmt":"2025-10-25T08:35:00","guid":{"rendered":"https:\/\/www.egemtv.com\/?p=63708"},"modified":"2025-10-25T11:35:04","modified_gmt":"2025-10-25T08:35:04","slug":"kusadasinda-saglikli-cocuk-saglikli-gelecek-projesi-basladi","status":"publish","type":"post","link":"https:\/\/www.egemtv.com\/?p=63708","title":{"rendered":"Ku\u015fadas\u0131\u2019nda \u2018sa\u011fl\u0131kl\u0131 \u00e7ocuk, sa\u011fl\u0131kl\u0131 gelecek\u2019 projesi ba\u015flad\u0131"},"content":{"rendered":"<p>Ayd\u0131n\u2019\u0131n Ku\u015fadas\u0131 il\u00e7esinde Sa\u011fl\u0131k Bakanl\u0131\u011f\u0131 taraf\u0131ndan hayata ge\u00e7irilen \u2018sa\u011fl\u0131kl\u0131 \u00e7ocuk, sa\u011fl\u0131kl\u0131 gelecek\u2019 projesi ba\u015flad\u0131. Projenin ilk g\u00fcn\u00fcnde Re\u015fat Nuri G\u00fcntekin \u0130lkokulu\u2019nda \u00f6\u011frencilerin de kat\u0131l\u0131m\u0131yla etkinlik d\u00fczenlendi.<\/p>\n<p>Sa\u011fl\u0131k Bakanl\u0131\u011f\u0131n\u0131n y\u00fcr\u00fctt\u00fc\u011f\u00fc &#8220;Sa\u011fl\u0131kl\u0131 \u00c7ocuk, Sa\u011fl\u0131kl\u0131 Gelecek&#8221; projesinde \u00f6\u011frencilere y\u00f6nelik sa\u011fl\u0131k taramalar\u0131 Re\u015fat Nuri G\u00fcntekin \u0130lkokulunda ba\u015flad\u0131. Projenin a\u00e7\u0131l\u0131\u015f program\u0131na \u0130l\u00e7e Mill, E\u011fitim M\u00fcd\u00fcr\u00fc \u0130brahim Ataman ile Ku\u015fadas\u0131 \u0130l\u00e7e Sa\u011fl\u0131k M\u00fcd\u00fcr\u00fc Dr. Ba\u015fak Durmu\u015f \u00d6zt\u00fcrk kat\u0131ld\u0131. Programda \u00f6\u011frencilerin haz\u0131rlad\u0131\u011f\u0131 halk oyunlar\u0131 g\u00f6sterisi be\u011feni toplad\u0131. Ard\u0131ndan a\u00e7\u0131lan \u00f6\u011frenci sergisi gezildi, misafirler \u00f6\u011frencilerle sohbet ederek keyifli anlar ya\u015fad\u0131. \u0130l\u00e7e Milli E\u011fitim M\u00fcd\u00fcr\u00fc \u0130brahim Ataman, konu\u015fmas\u0131nda, &#8220;Sa\u011fl\u0131kl\u0131 bireyler yeti\u015ftirmenin temeli, sevgiyle at\u0131lan ad\u0131mlard\u0131r. \u00c7ocuklar\u0131m\u0131za sevgiyle yakla\u015ft\u0131\u011f\u0131m\u0131z her an, onlar\u0131n hem ruhsal hem de fiziksel geli\u015fiminde kal\u0131c\u0131 izler b\u0131rak\u0131r&#8221; dedi. Ku\u015fadas\u0131\u2019ndaki di\u011fer okullarda da ger\u00e7ekle\u015ftirilecek projede, \u00f6\u011frencilerin genel sa\u011fl\u0131k durumlar\u0131, beslenme al\u0131\u015fkanl\u0131klar\u0131, a\u011f\u0131z ve di\u015f sa\u011fl\u0131\u011f\u0131 ile fiziksel geli\u015fimleri uzman ekipler taraf\u0131ndan titizlikle takip edilecek.<br \/><\/p>\n","protected":false},"excerpt":{"rendered":"<p>Ayd\u0131n\u2019\u0131n Ku\u015fadas\u0131 il\u00e7esinde Sa\u011fl\u0131k Bakanl\u0131\u011f\u0131 taraf\u0131ndan hayata ge\u00e7irilen \u2018sa\u011fl\u0131kl\u0131 \u00e7ocuk, sa\u011fl\u0131kl\u0131 gelecek\u2019 projesi ba\u015flad\u0131. Projenin ilk g\u00fcn\u00fcnde Re\u015fat Nuri G\u00fcntekin \u0130lkokulu\u2019nda \u00f6\u011frencilerin de kat\u0131l\u0131m\u0131yla etkinlik d\u00fczenlendi. Sa\u011fl\u0131k Bakanl\u0131\u011f\u0131n\u0131n y\u00fcr\u00fctt\u00fc\u011f\u00fc &#8220;Sa\u011fl\u0131kl\u0131 \u00c7ocuk, Sa\u011fl\u0131kl\u0131 Gelecek&#8221; projesinde \u00f6\u011frencilere y\u00f6nelik sa\u011fl\u0131k taramalar\u0131 Re\u015fat Nuri G\u00fcntekin \u0130lkokulunda ba\u015flad\u0131. Projenin a\u00e7\u0131l\u0131\u015f program\u0131na \u0130l\u00e7e Mill, E\u011fitim M\u00fcd\u00fcr\u00fc \u0130brahim Ataman ile Ku\u015fadas\u0131 \u0130l\u00e7e&#8230;<\/p>\n","protected":false},"author":1,"featured_media":63709,"comment_status":"open","ping_status":"open","sticky":false,"template":"","format":"standard","meta":{"_crdt_document":"","footnotes":""},"categories":[1],"tags":[],"class_list":["post-63708","post","type-post","status-publish","format-standard","has-post-thumbnail","hentry","category-guncel"],"_links":{"self":[{"href":"https:\/\/www.egemtv.com\/index.php?rest_route=\/wp\/v2\/posts\/63708","targetHints":{"allow":["GET"]}}],"collection":[{"href":"https:\/\/www.egemtv.com\/index.php?rest_route=\/wp\/v2\/posts"}],"about":[{"href":"https:\/\/www.egemtv.com\/index.php?rest_route=\/wp\/v2\/types\/post"}],"author":[{"embeddable":true,"href":"https:\/\/www.egemtv.com\/index.php?rest_route=\/wp\/v2\/users\/1"}],"replies":[{"embeddable":true,"href":"https:\/\/www.egemtv.com\/index.php?rest_route=%2Fwp%2Fv2%2Fcomments&post=63708"}],"version-history":[{"count":1,"href":"https:\/\/www.egemtv.com\/index.php?rest_route=\/wp\/v2\/posts\/63708\/revisions"}],"predecessor-version":[{"id":63710,"href":"https:\/\/www.egemtv.com\/index.php?rest_route=\/wp\/v2\/posts\/63708\/revisions\/63710"}],"wp:featuredmedia":[{"embeddable":true,"href":"https:\/\/www.egemtv.com\/index.php?rest_route=\/wp\/v2\/media\/63709"}],"wp:attachment":[{"href":"https:\/\/www.egemtv.com\/index.php?rest_route=%2Fwp%2Fv2%2Fmedia&parent=63708"}],"wp:term":[{"taxonomy":"category","embeddable":true,"href":"https:\/\/www.egemtv.com\/index.php?rest_route=%2Fwp%2Fv2%2Fcategories&post=63708"},{"taxonomy":"post_tag","embeddable":true,"href":"https:\/\/www.egemtv.com\/index.php?rest_route=%2Fwp%2Fv2%2Ftags&post=63708"}],"curies":[{"name":"wp","href":"https:\/\/api.w.org\/{rel}","templated":true}]}}