{"id":63705,"date":"2025-10-25T11:34:58","date_gmt":"2025-10-25T08:34:58","guid":{"rendered":"https:\/\/www.egemtv.com\/?p=63705"},"modified":"2025-10-25T11:34:59","modified_gmt":"2025-10-25T08:34:59","slug":"tirede-is-yerlerini-kursunlayan-supheliler-yakalandi","status":"publish","type":"post","link":"https:\/\/www.egemtv.com\/?p=63705","title":{"rendered":"Tire\u2019de i\u015f yerlerini kur\u015funlayan \u015f\u00fcpheliler yakaland\u0131"},"content":{"rendered":"<p>\u0130zmir\u2019in Tire il\u00e7esinde \u00fc\u00e7 ayr\u0131 i\u015f yerinin kur\u015funlanmas\u0131 olay\u0131 ile ilgili \u015f\u00fcpheli 3 \u015fah\u0131s, polisin d\u00fczenledi\u011fi e\u015f zamanl\u0131 operasyonla yakaland\u0131. \u015e\u00fcpheliler, tutuklanarak cezaevine g\u00f6nderildi.<br \/>\n<br \/>Tire\u2019de 6 Ekim g\u00fcn\u00fc S.S., H.E. ve M.S.F.\u2019ye ait 3 i\u015f yerinin kur\u015funlanmas\u0131 sonras\u0131 \u0130stihbarat \u015eube M\u00fcd\u00fcrl\u00fc\u011f\u00fc\u2019n\u00fcn deste\u011fi ile \u0130zmir Asayi\u015f \u015eube M\u00fcd\u00fcrl\u00fc\u011f\u00fc Gasp B\u00fcro Amirli\u011fi ve SAM B\u00fcro Amirli\u011fi ile Organize Su\u00e7larla M\u00fccadele \u015eube M\u00fcd\u00fcrl\u00fc\u011f\u00fc ve Tire \u0130l\u00e7e Emniyet M\u00fcd\u00fcrl\u00fc\u011f\u00fc\u2019ne ba\u011fl\u0131 ekiplerce kapsaml\u0131 \u00e7al\u0131\u015fma ba\u015flat\u0131ld\u0131. Olaya kar\u0131\u015fan \u015f\u00fcpheliler tespit edildikten sonra operasyon d\u00fczendi. A.E. (21), A.M.S.(34) ve O.N.(40) isimli \u015f\u00fcpheliler; \u0130zmir Asayi\u015f \u015eube M\u00fcd\u00fcrl\u00fc\u011f\u00fc Gasp B\u00fcro Amirli\u011fi koordinesinde, Tire \u0130l\u00e7e Emniyet M\u00fcd\u00fcrl\u00fc\u011f\u00fc ekipleri ile birlikte yap\u0131lan e\u015f zamanl\u0131 operasyonda k\u0131sk\u0131vrak yakaland\u0131. Yap\u0131lan aramalarda olayda kullan\u0131ld\u0131\u011f\u0131 de\u011ferlendirilen 1 adet tabanca ele ge\u00e7irildi.<br \/>\n<br \/>Emniyetteki i\u015flemlerinin ard\u0131ndan \u015f\u00fcpheliler \u00e7\u0131kar\u0131ld\u0131klar\u0131 mahkeme taraf\u0131ndan tutuklanarak cezaevine g\u00f6nderildi.<br \/><\/p>\n","protected":false},"excerpt":{"rendered":"<p>\u0130zmir\u2019in Tire il\u00e7esinde \u00fc\u00e7 ayr\u0131 i\u015f yerinin kur\u015funlanmas\u0131 olay\u0131 ile ilgili \u015f\u00fcpheli 3 \u015fah\u0131s, polisin d\u00fczenledi\u011fi e\u015f zamanl\u0131 operasyonla yakaland\u0131. \u015e\u00fcpheliler, tutuklanarak cezaevine g\u00f6nderildi. Tire\u2019de 6 Ekim g\u00fcn\u00fc S.S., H.E. ve M.S.F.\u2019ye ait 3 i\u015f yerinin kur\u015funlanmas\u0131 sonras\u0131 \u0130stihbarat \u015eube M\u00fcd\u00fcrl\u00fc\u011f\u00fc\u2019n\u00fcn deste\u011fi ile \u0130zmir Asayi\u015f \u015eube M\u00fcd\u00fcrl\u00fc\u011f\u00fc Gasp B\u00fcro Amirli\u011fi ve SAM B\u00fcro Amirli\u011fi ile&#8230;<\/p>\n","protected":false},"author":1,"featured_media":63706,"comment_status":"open","ping_status":"open","sticky":false,"template":"","format":"standard","meta":{"_crdt_document":"","footnotes":""},"categories":[5],"tags":[],"class_list":["post-63705","post","type-post","status-publish","format-standard","has-post-thumbnail","hentry","category-asayis"],"_links":{"self":[{"href":"https:\/\/www.egemtv.com\/index.php?rest_route=\/wp\/v2\/posts\/63705","targetHints":{"allow":["GET"]}}],"collection":[{"href":"https:\/\/www.egemtv.com\/index.php?rest_route=\/wp\/v2\/posts"}],"about":[{"href":"https:\/\/www.egemtv.com\/index.php?rest_route=\/wp\/v2\/types\/post"}],"author":[{"embeddable":true,"href":"https:\/\/www.egemtv.com\/index.php?rest_route=\/wp\/v2\/users\/1"}],"replies":[{"embeddable":true,"href":"https:\/\/www.egemtv.com\/index.php?rest_route=%2Fwp%2Fv2%2Fcomments&post=63705"}],"version-history":[{"count":1,"href":"https:\/\/www.egemtv.com\/index.php?rest_route=\/wp\/v2\/posts\/63705\/revisions"}],"predecessor-version":[{"id":63707,"href":"https:\/\/www.egemtv.com\/index.php?rest_route=\/wp\/v2\/posts\/63705\/revisions\/63707"}],"wp:featuredmedia":[{"embeddable":true,"href":"https:\/\/www.egemtv.com\/index.php?rest_route=\/wp\/v2\/media\/63706"}],"wp:attachment":[{"href":"https:\/\/www.egemtv.com\/index.php?rest_route=%2Fwp%2Fv2%2Fmedia&parent=63705"}],"wp:term":[{"taxonomy":"category","embeddable":true,"href":"https:\/\/www.egemtv.com\/index.php?rest_route=%2Fwp%2Fv2%2Fcategories&post=63705"},{"taxonomy":"post_tag","embeddable":true,"href":"https:\/\/www.egemtv.com\/index.php?rest_route=%2Fwp%2Fv2%2Ftags&post=63705"}],"curies":[{"name":"wp","href":"https:\/\/api.w.org\/{rel}","templated":true}]}}