{"id":63702,"date":"2025-10-25T11:14:46","date_gmt":"2025-10-25T08:14:46","guid":{"rendered":"https:\/\/www.egemtv.com\/?p=63702"},"modified":"2025-10-25T11:14:47","modified_gmt":"2025-10-25T08:14:47","slug":"focada-selin-ardindan-vatandaslarin-yaralari-sariliyor","status":"publish","type":"post","link":"https:\/\/www.egemtv.com\/?p=63702","title":{"rendered":"Fo\u00e7a\u2019da selin ard\u0131ndan vatanda\u015flar\u0131n yaralar\u0131 sar\u0131l\u0131yor"},"content":{"rendered":"<p>AFAD Ba\u015fkan\u0131 Ali Hamza Pehlivan, 23 Ekim g\u00fcn\u00fc otomobiliyle sel sular\u0131na kap\u0131lan ve kaybolan 70 ya\u015f\u0131ndaki B\u00fclent Kaptano\u011flu\u2019nun cans\u0131z bedenine ula\u015f\u0131ld\u0131\u011f\u0131n\u0131 kaydetti. Pehlivan, il\u00e7ede hasarl\u0131 yap\u0131n\u0131n s\u00f6z konusu olmad\u0131\u011f\u0131n\u0131 belirterek, e\u015fya zarar\u0131 olan vatanda\u015flara da \u00f6demelerin pazartesi g\u00fcn\u00fc yap\u0131laca\u011f\u0131n\u0131 a\u00e7\u0131klad\u0131.<br \/>\n<br \/>AFAD Ba\u015fkan\u0131 Ali Hamza Pehlivan, Fo\u00e7a\u2019da bas\u0131n mensuplar\u0131na a\u00e7\u0131klamalarda bulundu. Pehlivan, &#8220;Bir tak\u0131m sel ve su bask\u0131nlar\u0131n\u0131n yan\u0131nda bir vatanda\u015f\u0131m\u0131z arac\u0131yla suya kap\u0131lm\u0131\u015ft\u0131. \u0130hbar\u0131n ard\u0131ndan t\u00fcm ekiplerimizi harekete ge\u00e7irdik. Her ge\u00e7en g\u00fcn de ekip say\u0131m\u0131z\u0131 art\u0131rd\u0131k. 2 g\u00fcnd\u00fcr arama ve tarama \u00e7al\u0131\u015fmalar\u0131n\u0131 s\u00fcrd\u00fcr\u00fcrken sabah saatlerinde eski Gediz mevkiinde B\u00fclent Kaptano\u011flu amcam\u0131z\u0131n cans\u0131z bedenine ula\u015ft\u0131k. Hepimizin ba\u015f\u0131 sa\u011folsun. Ekip say\u0131m\u0131z\u0131 art\u0131rd\u0131k. Son olarak 177 personel ile bunun 44\u2019\u00fc dalg\u0131\u00e7 ve su alt\u0131 arama ekibiydi. Herkes yo\u011fun bir \u015fekilde \u00e7al\u0131\u015ft\u0131. D\u00fc\u015ft\u00fc\u011f\u00fc yerden 11 kilometre a\u015fa\u011f\u0131da Kaptano\u011flu amcam\u0131z\u0131n cans\u0131z bedenine ula\u015ft\u0131k. Ailesine ve milletimize ba\u015fsa\u011fl\u0131\u011f\u0131 diliyorum. T\u00fcm \u00e7abam\u0131z ve duam\u0131z canl\u0131 olarak ula\u015fmakt\u0131 ama olmad\u0131. 12 saat ortalamas\u0131 metrekarede 155 kilogram civar\u0131ndayd\u0131. Buna ra\u011fmen ekiplerimin yo\u011fun \u00e7al\u0131\u015fmalar\u0131yla cans\u0131z bedene ula\u015ft\u0131k&#8221; dedi.<\/p>\n<p>Kentte temizlik \u00e7al\u0131\u015fmalar\u0131 bitti<br \/>\n<br \/>AFAD ve Valilik koordinasyonuyla sokaklar\u0131n, su basan evlerin temizli\u011fiyle ilgili hummal\u0131 \u00e7al\u0131\u015fmalar yap\u0131ld\u0131\u011f\u0131n\u0131 belirten Pehlivan, \u015f\u00f6yle devam etti: &#8220;Personel say\u0131m\u0131z\u0131 700, ara\u00e7 say\u0131m\u0131z\u0131 300\u2019ye kadar y\u00fckselttik. D\u00fcn itibar\u0131yla 100\u2019e yak\u0131n ev ve i\u015fyerinde temizlik \u00e7al\u0131\u015fmalar\u0131 yap\u0131ld\u0131. Kalan temizlik \u00e7al\u0131\u015fmalar\u0131 da bug\u00fcn bitecek. Evlerde bir yandan hasar tespiti de yap\u0131l\u0131yor. Hasarl\u0131 konutumuz veya yap\u0131m\u0131z yok. Sadece 2 yap\u0131n\u0131n \u00e7at\u0131lar\u0131nda ufak hasar var. D\u00fcn itibariyle 75 hanenin zarar tespiti ger\u00e7ekle\u015ftirildi. G\u00fcn i\u00e7inde gelen yeni ihbarlar da oldu. Onlar da bug\u00fcn tamamlanacak. Pazartesi g\u00fcn\u00fc itibariyle say\u0131n \u0130\u00e7i\u015fleri Bakan\u0131m\u0131z\u0131n olurlar\u0131yla t\u00fcm zarar g\u00f6ren vatanda\u015flar\u0131n\u0131z\u0131n e\u015fya zararlar\u0131 hesaplar\u0131na yatm\u0131\u015f olacak. Hayvan telefi yok, 45 kovan zayiat\u0131 var. Zarar\u0131 olan vatanda\u015flar\u0131m\u0131z\u0131n destek \u00f6demeleri pazartesi g\u00fcn\u00fc itibariyle hesaplar\u0131na ge\u00e7mi\u015f olacak. Tekrar ge\u00e7mi\u015f olsun&#8221;.<br \/><\/p>\n","protected":false},"excerpt":{"rendered":"<p>AFAD Ba\u015fkan\u0131 Ali Hamza Pehlivan, 23 Ekim g\u00fcn\u00fc otomobiliyle sel sular\u0131na kap\u0131lan ve kaybolan 70 ya\u015f\u0131ndaki B\u00fclent Kaptano\u011flu\u2019nun cans\u0131z bedenine ula\u015f\u0131ld\u0131\u011f\u0131n\u0131 kaydetti. Pehlivan, il\u00e7ede hasarl\u0131 yap\u0131n\u0131n s\u00f6z konusu olmad\u0131\u011f\u0131n\u0131 belirterek, e\u015fya zarar\u0131 olan vatanda\u015flara da \u00f6demelerin pazartesi g\u00fcn\u00fc yap\u0131laca\u011f\u0131n\u0131 a\u00e7\u0131klad\u0131. AFAD Ba\u015fkan\u0131 Ali Hamza Pehlivan, Fo\u00e7a\u2019da bas\u0131n mensuplar\u0131na a\u00e7\u0131klamalarda bulundu. Pehlivan, &#8220;Bir tak\u0131m sel ve&#8230;<\/p>\n","protected":false},"author":1,"featured_media":63703,"comment_status":"open","ping_status":"open","sticky":false,"template":"","format":"standard","meta":{"_crdt_document":"","footnotes":""},"categories":[1],"tags":[],"class_list":["post-63702","post","type-post","status-publish","format-standard","has-post-thumbnail","hentry","category-guncel"],"_links":{"self":[{"href":"https:\/\/www.egemtv.com\/index.php?rest_route=\/wp\/v2\/posts\/63702","targetHints":{"allow":["GET"]}}],"collection":[{"href":"https:\/\/www.egemtv.com\/index.php?rest_route=\/wp\/v2\/posts"}],"about":[{"href":"https:\/\/www.egemtv.com\/index.php?rest_route=\/wp\/v2\/types\/post"}],"author":[{"embeddable":true,"href":"https:\/\/www.egemtv.com\/index.php?rest_route=\/wp\/v2\/users\/1"}],"replies":[{"embeddable":true,"href":"https:\/\/www.egemtv.com\/index.php?rest_route=%2Fwp%2Fv2%2Fcomments&post=63702"}],"version-history":[{"count":1,"href":"https:\/\/www.egemtv.com\/index.php?rest_route=\/wp\/v2\/posts\/63702\/revisions"}],"predecessor-version":[{"id":63704,"href":"https:\/\/www.egemtv.com\/index.php?rest_route=\/wp\/v2\/posts\/63702\/revisions\/63704"}],"wp:featuredmedia":[{"embeddable":true,"href":"https:\/\/www.egemtv.com\/index.php?rest_route=\/wp\/v2\/media\/63703"}],"wp:attachment":[{"href":"https:\/\/www.egemtv.com\/index.php?rest_route=%2Fwp%2Fv2%2Fmedia&parent=63702"}],"wp:term":[{"taxonomy":"category","embeddable":true,"href":"https:\/\/www.egemtv.com\/index.php?rest_route=%2Fwp%2Fv2%2Fcategories&post=63702"},{"taxonomy":"post_tag","embeddable":true,"href":"https:\/\/www.egemtv.com\/index.php?rest_route=%2Fwp%2Fv2%2Ftags&post=63702"}],"curies":[{"name":"wp","href":"https:\/\/api.w.org\/{rel}","templated":true}]}}