{"id":63699,"date":"2025-10-25T10:54:55","date_gmt":"2025-10-25T07:54:55","guid":{"rendered":"https:\/\/www.egemtv.com\/?p=63699"},"modified":"2025-10-25T10:54:56","modified_gmt":"2025-10-25T07:54:56","slug":"genc-milli-boksor-avrupa-ucuncusu-oldu","status":"publish","type":"post","link":"https:\/\/www.egemtv.com\/?p=63699","title":{"rendered":"Gen\u00e7 milli boks\u00f6r Avrupa \u00fc\u00e7\u00fcnc\u00fcs\u00fc oldu"},"content":{"rendered":"<p>U15 Avrupa Boks \u015eampiyonas\u0131 52 kilogramda m\u00fccadele eden Merkezefendi Belediyesi\u2019nin milli boks\u00f6r\u00fc Ceyda Kuru, \u015fampiyonay\u0131 Avrupa \u00fc\u00e7\u00fcnc\u00fcs\u00fc olarak tamamlad\u0131. Ba\u015fkan Do\u011fan, &#8220;M\u00fccadelesi ve kazand\u0131\u011f\u0131 madalya i\u00e7in, bizleri bir kez daha gururland\u0131rd\u0131\u011f\u0131 i\u00e7in Ceyda\u2019y\u0131 kutluyor, ba\u015far\u0131lar\u0131n\u0131n devam\u0131n\u0131 diliyorum&#8221; dedi.<br \/>\n<br \/>Spora desteklerini s\u00fcrd\u00fcrmeye devam eden Merkezefendi Belediyesi, sporculara yapt\u0131\u011f\u0131 yat\u0131r\u0131mlar\u0131n meyvelerini al\u0131yor. Merkezefendi Belediyesi b\u00fcnyesinde Asilt\u00fcrk \u00d6zuysal\u2019\u0131n antren\u00f6rl\u00fc\u011f\u00fcnde U15 kategorisinde m\u00fccadele eden ba\u015far\u0131l\u0131 boks\u00f6r Ceyda Kuru, 52 kilogram s\u0131kletinde T\u00fcrkiye \u015eampiyonu olarak kat\u0131ld\u0131\u011f\u0131, Karada\u011f Budva\u2019da d\u00fczenlenen U15 Avrupa Boks \u015eampiyonas\u0131\u2019nda b\u00fcy\u00fck bir ba\u015far\u0131ya imza att\u0131. \u00c7\u0131kt\u0131\u011f\u0131 her m\u00fcsabakadan galibiyetle ayr\u0131lan ve yar\u0131 finale kadar y\u00fckselen Kuru, bronz madalyan\u0131n sahibi oldu. \u015eampiyonay\u0131 \u00fc\u00e7\u00fcnc\u00fcl\u00fckle tamamlayan Ceyda Kuru ay-y\u0131ld\u0131zl\u0131 forma ile hem Merkezefendi\u2019yi hem Denizli\u2019yi hem de T\u00fcrkiye\u2019yi en iyi \u015fekilde temsil etti.<br \/>\n<br \/>&#8220;Sporcular\u0131m\u0131zla her zaman gurur duyuyoruz&#8221;<br \/>\n<br \/>Ceyda Kuru\u2019nun kazand\u0131\u011f\u0131 ba\u015far\u0131y\u0131 b\u00fcy\u00fck bir mutlulukla kar\u015f\u0131lad\u0131\u011f\u0131n\u0131 belirten Merkezefendi Belediye Ba\u015fkan\u0131 \u015eeniz Do\u011fan, &#8220;Ceyda, sadece Merkezefendi\u2019mizi de\u011fil, t\u00fcm T\u00fcrkiye\u2019yi en iyi \u015fekilde temsil ederek 3. oldu. Onun azmi, \u00e7al\u0131\u015fma disiplini ve ba\u015far\u0131s\u0131 gen\u00e7 sporcular\u0131m\u0131za ilham veriyor. Biz de Merkezefendi Belediyesi olarak spora ve sporcular\u0131m\u0131za her zaman destek olaca\u011f\u0131z. Ceyda, bize bir kez daha b\u00fcy\u00fck gurur ya\u015fatt\u0131. Kendisini y\u00fcrekten tebrik ediyor, bundan sonraki t\u00fcm m\u00fccadelelerinde ba\u015far\u0131lar diliyorum&#8221; diye konu\u015ftu.<br \/><\/p>\n","protected":false},"excerpt":{"rendered":"<p>U15 Avrupa Boks \u015eampiyonas\u0131 52 kilogramda m\u00fccadele eden Merkezefendi Belediyesi\u2019nin milli boks\u00f6r\u00fc Ceyda Kuru, \u015fampiyonay\u0131 Avrupa \u00fc\u00e7\u00fcnc\u00fcs\u00fc olarak tamamlad\u0131. Ba\u015fkan Do\u011fan, &#8220;M\u00fccadelesi ve kazand\u0131\u011f\u0131 madalya i\u00e7in, bizleri bir kez daha gururland\u0131rd\u0131\u011f\u0131 i\u00e7in Ceyda\u2019y\u0131 kutluyor, ba\u015far\u0131lar\u0131n\u0131n devam\u0131n\u0131 diliyorum&#8221; dedi. Spora desteklerini s\u00fcrd\u00fcrmeye devam eden Merkezefendi Belediyesi, sporculara yapt\u0131\u011f\u0131 yat\u0131r\u0131mlar\u0131n meyvelerini al\u0131yor. Merkezefendi Belediyesi b\u00fcnyesinde Asilt\u00fcrk \u00d6zuysal\u2019\u0131n&#8230;<\/p>\n","protected":false},"author":1,"featured_media":63700,"comment_status":"open","ping_status":"open","sticky":false,"template":"","format":"standard","meta":{"_crdt_document":"","footnotes":""},"categories":[4],"tags":[],"class_list":["post-63699","post","type-post","status-publish","format-standard","has-post-thumbnail","hentry","category-spor"],"_links":{"self":[{"href":"https:\/\/www.egemtv.com\/index.php?rest_route=\/wp\/v2\/posts\/63699","targetHints":{"allow":["GET"]}}],"collection":[{"href":"https:\/\/www.egemtv.com\/index.php?rest_route=\/wp\/v2\/posts"}],"about":[{"href":"https:\/\/www.egemtv.com\/index.php?rest_route=\/wp\/v2\/types\/post"}],"author":[{"embeddable":true,"href":"https:\/\/www.egemtv.com\/index.php?rest_route=\/wp\/v2\/users\/1"}],"replies":[{"embeddable":true,"href":"https:\/\/www.egemtv.com\/index.php?rest_route=%2Fwp%2Fv2%2Fcomments&post=63699"}],"version-history":[{"count":1,"href":"https:\/\/www.egemtv.com\/index.php?rest_route=\/wp\/v2\/posts\/63699\/revisions"}],"predecessor-version":[{"id":63701,"href":"https:\/\/www.egemtv.com\/index.php?rest_route=\/wp\/v2\/posts\/63699\/revisions\/63701"}],"wp:featuredmedia":[{"embeddable":true,"href":"https:\/\/www.egemtv.com\/index.php?rest_route=\/wp\/v2\/media\/63700"}],"wp:attachment":[{"href":"https:\/\/www.egemtv.com\/index.php?rest_route=%2Fwp%2Fv2%2Fmedia&parent=63699"}],"wp:term":[{"taxonomy":"category","embeddable":true,"href":"https:\/\/www.egemtv.com\/index.php?rest_route=%2Fwp%2Fv2%2Fcategories&post=63699"},{"taxonomy":"post_tag","embeddable":true,"href":"https:\/\/www.egemtv.com\/index.php?rest_route=%2Fwp%2Fv2%2Ftags&post=63699"}],"curies":[{"name":"wp","href":"https:\/\/api.w.org\/{rel}","templated":true}]}}