{"id":63696,"date":"2025-10-25T10:54:52","date_gmt":"2025-10-25T07:54:52","guid":{"rendered":"https:\/\/www.egemtv.com\/?p=63696"},"modified":"2025-10-25T10:54:54","modified_gmt":"2025-10-25T07:54:54","slug":"mugla-semalarinda-sis-bulutu-gorsel-solen-olusturdu","status":"publish","type":"post","link":"https:\/\/www.egemtv.com\/?p=63696","title":{"rendered":"Mu\u011fla semalar\u0131nda sis bulutu g\u00f6rsel \u015f\u00f6len olu\u015fturdu"},"content":{"rendered":"<p>Mu\u011fla semalar\u0131nda etkili olan yo\u011fun sis, drone ile kaydedilirken, \u015fehrin do\u011fal g\u00fczellikleri kartpostall\u0131k manzaralar olu\u015fturdu.<\/p>\n<p>Do\u011fal g\u00fczellikleriyle \u00fcnl\u00fc Mu\u011fla, son g\u00fcnlerde semalar\u0131nda olu\u015fan sis bulutlar\u0131yla adeta bir kartpostall\u0131k manzaraya ev sahipli\u011fi yapt\u0131. \u00d6zellikle Mente\u015fe il\u00e7esinde etkili olan yo\u011fun sis, kentin y\u00fcksek noktalar\u0131ndan bak\u0131ld\u0131\u011f\u0131nda bembeyaz bir \u00f6rt\u00fc gibi serilmi\u015f muhte\u015fem g\u00f6r\u00fcnt\u00fcler olu\u015fturdu. G\u00f6rsel \u015f\u00f6lenin boyutlar\u0131, \u00f6zellikle drone ile yap\u0131lan \u00e7ekimlerle net bir \u015fekilde g\u00f6zler \u00f6n\u00fcne serildi. Drone taraf\u0131ndan \u00e7ekilen karelerde, sis bulutlar\u0131n\u0131n adeta bulut denizini and\u0131ran manzaralar olu\u015ftu\u011fu g\u00f6r\u00fcld\u00fc. Mu\u011fla\u2019n\u0131n bu e\u015fsiz do\u011fa manzaras\u0131, k\u0131\u015f aylar\u0131n\u0131n ve mevsim ge\u00e7i\u015flerinin getirdi\u011fi atmosferi bir kez daha g\u00f6zler \u00f6n\u00fcne serdi.<br \/><\/p>\n","protected":false},"excerpt":{"rendered":"<p>Mu\u011fla semalar\u0131nda etkili olan yo\u011fun sis, drone ile kaydedilirken, \u015fehrin do\u011fal g\u00fczellikleri kartpostall\u0131k manzaralar olu\u015fturdu. Do\u011fal g\u00fczellikleriyle \u00fcnl\u00fc Mu\u011fla, son g\u00fcnlerde semalar\u0131nda olu\u015fan sis bulutlar\u0131yla adeta bir kartpostall\u0131k manzaraya ev sahipli\u011fi yapt\u0131. \u00d6zellikle Mente\u015fe il\u00e7esinde etkili olan yo\u011fun sis, kentin y\u00fcksek noktalar\u0131ndan bak\u0131ld\u0131\u011f\u0131nda bembeyaz bir \u00f6rt\u00fc gibi serilmi\u015f muhte\u015fem g\u00f6r\u00fcnt\u00fcler olu\u015fturdu. G\u00f6rsel \u015f\u00f6lenin boyutlar\u0131, \u00f6zellikle&#8230;<\/p>\n","protected":false},"author":1,"featured_media":63697,"comment_status":"open","ping_status":"open","sticky":false,"template":"","format":"standard","meta":{"_crdt_document":"","footnotes":""},"categories":[1],"tags":[],"class_list":["post-63696","post","type-post","status-publish","format-standard","has-post-thumbnail","hentry","category-guncel"],"_links":{"self":[{"href":"https:\/\/www.egemtv.com\/index.php?rest_route=\/wp\/v2\/posts\/63696","targetHints":{"allow":["GET"]}}],"collection":[{"href":"https:\/\/www.egemtv.com\/index.php?rest_route=\/wp\/v2\/posts"}],"about":[{"href":"https:\/\/www.egemtv.com\/index.php?rest_route=\/wp\/v2\/types\/post"}],"author":[{"embeddable":true,"href":"https:\/\/www.egemtv.com\/index.php?rest_route=\/wp\/v2\/users\/1"}],"replies":[{"embeddable":true,"href":"https:\/\/www.egemtv.com\/index.php?rest_route=%2Fwp%2Fv2%2Fcomments&post=63696"}],"version-history":[{"count":1,"href":"https:\/\/www.egemtv.com\/index.php?rest_route=\/wp\/v2\/posts\/63696\/revisions"}],"predecessor-version":[{"id":63698,"href":"https:\/\/www.egemtv.com\/index.php?rest_route=\/wp\/v2\/posts\/63696\/revisions\/63698"}],"wp:featuredmedia":[{"embeddable":true,"href":"https:\/\/www.egemtv.com\/index.php?rest_route=\/wp\/v2\/media\/63697"}],"wp:attachment":[{"href":"https:\/\/www.egemtv.com\/index.php?rest_route=%2Fwp%2Fv2%2Fmedia&parent=63696"}],"wp:term":[{"taxonomy":"category","embeddable":true,"href":"https:\/\/www.egemtv.com\/index.php?rest_route=%2Fwp%2Fv2%2Fcategories&post=63696"},{"taxonomy":"post_tag","embeddable":true,"href":"https:\/\/www.egemtv.com\/index.php?rest_route=%2Fwp%2Fv2%2Ftags&post=63696"}],"curies":[{"name":"wp","href":"https:\/\/api.w.org\/{rel}","templated":true}]}}