{"id":63693,"date":"2025-10-25T10:14:57","date_gmt":"2025-10-25T07:14:57","guid":{"rendered":"https:\/\/www.egemtv.com\/?p=63693"},"modified":"2025-10-25T10:15:01","modified_gmt":"2025-10-25T07:15:01","slug":"alasehirde-7den-70e-cumhuriyet-sevgisi","status":"publish","type":"post","link":"https:\/\/www.egemtv.com\/?p=63693","title":{"rendered":"Ala\u015fehir\u2019de 7\u2019den 70\u2019e cumhuriyet sevgisi"},"content":{"rendered":"<p>Ala\u015fehir Belediyesi cumhuriyetin 102\u2019nci y\u0131l\u0131 dolay\u0131s\u0131yla kutlanacak olan 29 Ekim Cumhuriyet Bayram\u0131 etkinlikleri kapsam\u0131nda \u00f6zel bir klip haz\u0131rlad\u0131. Klipte 7\u2019den 70\u2019e her meslek grubundan vatanda\u015f ve Belediye Ba\u015fkan\u0131 Ahmet \u00d6k\u00fczc\u00fco\u011flu cumhuriyetle ilgili duygular\u0131n\u0131 payla\u015ft\u0131.<br \/>\n<br \/>Cumhuriyetin kazan\u0131mlar\u0131n\u0131 ve Gazi Mustafa Kemal Atat\u00fcrk\u2019\u00fcn fikirlerini yeni nesillere aktarmay\u0131 ama\u00e7layan klipte, toplumun farkl\u0131 kesimlerinden vatanda\u015flar yer ald\u0131. \u0130\u015f\u00e7ilerden esnafa, \u00f6\u011fretmenlerden avukatlara, \u00e7ocuklardan emeklilere kadar bir\u00e7ok Ala\u015fehirli, Cumhuriyet\u2019e ve Atat\u00fcrk\u2019e dair duygular\u0131n\u0131 payla\u015ft\u0131.<br \/>\n<br \/>Klipte konu\u015fan Ala\u015fehir Belediye Ba\u015fkan\u0131 Ahmet \u00d6k\u00fczc\u00fco\u011flu, Cumhuriyet\u2019in milletin ortak m\u00fccadelesiyle kuruldu\u011funu vurgulayarak, &#8220;Kimsesizlerin kimsesi olan Cumhuriyetimiz, Ulu \u00d6nderimiz Mustafa Kemal Atat\u00fcrk ve Anadolu insan\u0131n\u0131n topyekun m\u00fccadelesinin \u00fcr\u00fcn\u00fcd\u00fcr. \u2018Ben ne padi\u015fah kavu\u011fu isterim, ne halife buyru\u011fu isterim\u2019 diyen Atat\u00fcrk, hakimiyeti kay\u0131ts\u0131z \u015farts\u0131z milletimize ba\u011f\u0131\u015flam\u0131\u015ft\u0131r.&#8221; dedi.<br \/>\n<br \/>Ala\u015fehir Belediyesi taraf\u0131ndan haz\u0131rlanan klip, 29 Ekim Cumhuriyet Bayram\u0131 \u00f6ncesinde belediyenin sosyal medya hesaplar\u0131 \u00fczerinden yay\u0131mlanarak vatanda\u015flar\u0131n be\u011fenisine sunulacak.<br \/><\/p>\n","protected":false},"excerpt":{"rendered":"<p>Ala\u015fehir Belediyesi cumhuriyetin 102\u2019nci y\u0131l\u0131 dolay\u0131s\u0131yla kutlanacak olan 29 Ekim Cumhuriyet Bayram\u0131 etkinlikleri kapsam\u0131nda \u00f6zel bir klip haz\u0131rlad\u0131. Klipte 7\u2019den 70\u2019e her meslek grubundan vatanda\u015f ve Belediye Ba\u015fkan\u0131 Ahmet \u00d6k\u00fczc\u00fco\u011flu cumhuriyetle ilgili duygular\u0131n\u0131 payla\u015ft\u0131. Cumhuriyetin kazan\u0131mlar\u0131n\u0131 ve Gazi Mustafa Kemal Atat\u00fcrk\u2019\u00fcn fikirlerini yeni nesillere aktarmay\u0131 ama\u00e7layan klipte, toplumun farkl\u0131 kesimlerinden vatanda\u015flar yer ald\u0131. \u0130\u015f\u00e7ilerden esnafa,&#8230;<\/p>\n","protected":false},"author":1,"featured_media":63694,"comment_status":"open","ping_status":"open","sticky":false,"template":"","format":"standard","meta":{"_crdt_document":"","footnotes":""},"categories":[1],"tags":[],"class_list":["post-63693","post","type-post","status-publish","format-standard","has-post-thumbnail","hentry","category-guncel"],"_links":{"self":[{"href":"https:\/\/www.egemtv.com\/index.php?rest_route=\/wp\/v2\/posts\/63693","targetHints":{"allow":["GET"]}}],"collection":[{"href":"https:\/\/www.egemtv.com\/index.php?rest_route=\/wp\/v2\/posts"}],"about":[{"href":"https:\/\/www.egemtv.com\/index.php?rest_route=\/wp\/v2\/types\/post"}],"author":[{"embeddable":true,"href":"https:\/\/www.egemtv.com\/index.php?rest_route=\/wp\/v2\/users\/1"}],"replies":[{"embeddable":true,"href":"https:\/\/www.egemtv.com\/index.php?rest_route=%2Fwp%2Fv2%2Fcomments&post=63693"}],"version-history":[{"count":1,"href":"https:\/\/www.egemtv.com\/index.php?rest_route=\/wp\/v2\/posts\/63693\/revisions"}],"predecessor-version":[{"id":63695,"href":"https:\/\/www.egemtv.com\/index.php?rest_route=\/wp\/v2\/posts\/63693\/revisions\/63695"}],"wp:featuredmedia":[{"embeddable":true,"href":"https:\/\/www.egemtv.com\/index.php?rest_route=\/wp\/v2\/media\/63694"}],"wp:attachment":[{"href":"https:\/\/www.egemtv.com\/index.php?rest_route=%2Fwp%2Fv2%2Fmedia&parent=63693"}],"wp:term":[{"taxonomy":"category","embeddable":true,"href":"https:\/\/www.egemtv.com\/index.php?rest_route=%2Fwp%2Fv2%2Fcategories&post=63693"},{"taxonomy":"post_tag","embeddable":true,"href":"https:\/\/www.egemtv.com\/index.php?rest_route=%2Fwp%2Fv2%2Ftags&post=63693"}],"curies":[{"name":"wp","href":"https:\/\/api.w.org\/{rel}","templated":true}]}}