{"id":63690,"date":"2025-10-25T10:14:54","date_gmt":"2025-10-25T07:14:54","guid":{"rendered":"https:\/\/www.egemtv.com\/?p=63690"},"modified":"2025-10-25T10:14:56","modified_gmt":"2025-10-25T07:14:56","slug":"didim-turizm-fuarinda-yerini-aldi","status":"publish","type":"post","link":"https:\/\/www.egemtv.com\/?p=63690","title":{"rendered":"Didim, turizm fuar\u0131nda yerini ald\u0131"},"content":{"rendered":"<p>Didim Belediyesi ve Didim Turizm Altyap\u0131 Hizmet Birli\u011fi (D\u0130TAB) i\u015f birli\u011fiyle, Didim\u2019in turizm vizyonu Uluslararas\u0131 Antalya Turizm Fuar\u0131\u2019nda (ATF 2025) tan\u0131t\u0131ld\u0131.<\/p>\n<p>T\u00fcrkiye\u2019nin ve Akdeniz\u2019in en \u00f6nemli turizm bulu\u015fmalar\u0131ndan biri olarak kabul edilen fuar, 22-24 Ekim 2025 tarihleri aras\u0131nda Antalya\u2019da ger\u00e7ekle\u015ftirildi. Fuarda yer alan Didim stand\u0131, il\u00e7enin do\u011fal g\u00fczellikleri, tarihi miras\u0131, konaklama imkanlar\u0131 ve turizm potansiyelini \u00f6n plana \u00e7\u0131kararak yo\u011fun ilgi g\u00f6rd\u00fc. Ziyaret\u00e7iler, Didim\u2019in d\u00f6rt mevsim turizme uygun yap\u0131s\u0131 hakk\u0131nda bilgi al\u0131rken, stantta ger\u00e7ekle\u015ftirilen tan\u0131t\u0131m faaliyetleri sayesinde il\u00e7enin marka de\u011feri bir kez daha peki\u015ftirildi. Didim Belediye Ba\u015fkan\u0131 Hatice Gen\u00e7ay, fuar kapsam\u0131nda ger\u00e7ekle\u015ftirdi\u011fi temaslarda Didim\u2019in turizmdeki hedeflerine ili\u015fkin de\u011ferlendirmelerde bulundu. Ba\u015fkan Gen\u00e7ay, Didim\u2019i tarihte oldu\u011fu gibi yeniden Ege\u2019nin incisi yapmakta kararl\u0131 olduklar\u0131n\u0131 vurgulad\u0131. Antalya Turizm Fuar\u0131 Kurucusu Sel\u00e7uk Meral ise Didim\u2019i &#8220;turizmin parlayan en yeni y\u0131ld\u0131z\u0131&#8221; olarak nitelendirerek, kentin do\u011fru ad\u0131mlarla ilerledi\u011fine dikkat \u00e7ekti. Didim Belediyesi ve D\u0130TAB\u2019\u0131n koordinasyonunda y\u00fcr\u00fct\u00fclen tan\u0131t\u0131m \u00e7al\u0131\u015fmalar\u0131, yerli ve yabanc\u0131 turizm profesyonellerinden b\u00fcy\u00fck ilgi g\u00f6rd\u00fc. Didim stand\u0131, hem sekt\u00f6rel temaslar hem de tan\u0131t\u0131m faaliyetleri a\u00e7\u0131s\u0131ndan fuar\u0131n en dikkat \u00e7ekici noktalar\u0131ndan biri oldu. Do\u011fas\u0131, tarihi, denizi ve misafirperver insanlar\u0131yla Ege\u2019nin incisi Didim, turizmin marka \u015fehirlerinden biri olma yolunda emin ad\u0131mlarla ilerlemeye devam ediyor.<br \/><\/p>\n","protected":false},"excerpt":{"rendered":"<p>Didim Belediyesi ve Didim Turizm Altyap\u0131 Hizmet Birli\u011fi (D\u0130TAB) i\u015f birli\u011fiyle, Didim\u2019in turizm vizyonu Uluslararas\u0131 Antalya Turizm Fuar\u0131\u2019nda (ATF 2025) tan\u0131t\u0131ld\u0131. T\u00fcrkiye\u2019nin ve Akdeniz\u2019in en \u00f6nemli turizm bulu\u015fmalar\u0131ndan biri olarak kabul edilen fuar, 22-24 Ekim 2025 tarihleri aras\u0131nda Antalya\u2019da ger\u00e7ekle\u015ftirildi. Fuarda yer alan Didim stand\u0131, il\u00e7enin do\u011fal g\u00fczellikleri, tarihi miras\u0131, konaklama imkanlar\u0131 ve turizm potansiyelini&#8230;<\/p>\n","protected":false},"author":1,"featured_media":63691,"comment_status":"open","ping_status":"open","sticky":false,"template":"","format":"standard","meta":{"_crdt_document":"","footnotes":""},"categories":[1],"tags":[],"class_list":["post-63690","post","type-post","status-publish","format-standard","has-post-thumbnail","hentry","category-guncel"],"_links":{"self":[{"href":"https:\/\/www.egemtv.com\/index.php?rest_route=\/wp\/v2\/posts\/63690","targetHints":{"allow":["GET"]}}],"collection":[{"href":"https:\/\/www.egemtv.com\/index.php?rest_route=\/wp\/v2\/posts"}],"about":[{"href":"https:\/\/www.egemtv.com\/index.php?rest_route=\/wp\/v2\/types\/post"}],"author":[{"embeddable":true,"href":"https:\/\/www.egemtv.com\/index.php?rest_route=\/wp\/v2\/users\/1"}],"replies":[{"embeddable":true,"href":"https:\/\/www.egemtv.com\/index.php?rest_route=%2Fwp%2Fv2%2Fcomments&post=63690"}],"version-history":[{"count":1,"href":"https:\/\/www.egemtv.com\/index.php?rest_route=\/wp\/v2\/posts\/63690\/revisions"}],"predecessor-version":[{"id":63692,"href":"https:\/\/www.egemtv.com\/index.php?rest_route=\/wp\/v2\/posts\/63690\/revisions\/63692"}],"wp:featuredmedia":[{"embeddable":true,"href":"https:\/\/www.egemtv.com\/index.php?rest_route=\/wp\/v2\/media\/63691"}],"wp:attachment":[{"href":"https:\/\/www.egemtv.com\/index.php?rest_route=%2Fwp%2Fv2%2Fmedia&parent=63690"}],"wp:term":[{"taxonomy":"category","embeddable":true,"href":"https:\/\/www.egemtv.com\/index.php?rest_route=%2Fwp%2Fv2%2Fcategories&post=63690"},{"taxonomy":"post_tag","embeddable":true,"href":"https:\/\/www.egemtv.com\/index.php?rest_route=%2Fwp%2Fv2%2Ftags&post=63690"}],"curies":[{"name":"wp","href":"https:\/\/api.w.org\/{rel}","templated":true}]}}