{"id":63687,"date":"2025-10-25T08:14:42","date_gmt":"2025-10-25T05:14:42","guid":{"rendered":"https:\/\/www.egemtv.com\/?p=63687"},"modified":"2025-10-25T08:14:44","modified_gmt":"2025-10-25T05:14:44","slug":"kutahyada-otomobilin-carptigi-2-kisi-yaralandi","status":"publish","type":"post","link":"https:\/\/www.egemtv.com\/?p=63687","title":{"rendered":"K\u00fctahya\u2019da otomobilin \u00e7arpt\u0131\u011f\u0131 2 ki\u015fi yaraland\u0131"},"content":{"rendered":"<p>K\u00fctahya\u2019da otomobilin \u00e7arpt\u0131\u011f\u0131 2 ki\u015fi yaraland\u0131. Kaza, Bah\u00e7elievler Mahallesi \u00c7e\u00e7en Sokak\u2019ta meydana geldi.<br \/>\n<br \/>Al\u0131nan bilgilere g\u00f6re, T.Y. y\u00f6netimindeki 35 AL 9380 plakal\u0131 otomobil, yolun kar\u015f\u0131s\u0131na ge\u00e7meye \u00e7al\u0131\u015fan B.K. ve E.K.\u2019ye \u00e7arpt\u0131.<br \/>\n<br \/>Olay yerine sevk edilen 112 Acil Servis ekipleri yaral\u0131lara m\u00fcdahale ederek K\u00fctahya \u015eehir Hastanesi\u2019ne kald\u0131rd\u0131.<br \/>\n<br \/>Yaral\u0131lar\u0131n sa\u011fl\u0131k durumunun iyi oldu\u011fu \u00f6\u011frenildi.<br \/><\/p>\n","protected":false},"excerpt":{"rendered":"<p>K\u00fctahya\u2019da otomobilin \u00e7arpt\u0131\u011f\u0131 2 ki\u015fi yaraland\u0131. Kaza, Bah\u00e7elievler Mahallesi \u00c7e\u00e7en Sokak\u2019ta meydana geldi. Al\u0131nan bilgilere g\u00f6re, T.Y. y\u00f6netimindeki 35 AL 9380 plakal\u0131 otomobil, yolun kar\u015f\u0131s\u0131na ge\u00e7meye \u00e7al\u0131\u015fan B.K. ve E.K.\u2019ye \u00e7arpt\u0131. Olay yerine sevk edilen 112 Acil Servis ekipleri yaral\u0131lara m\u00fcdahale ederek K\u00fctahya \u015eehir Hastanesi\u2019ne kald\u0131rd\u0131. Yaral\u0131lar\u0131n sa\u011fl\u0131k durumunun iyi oldu\u011fu \u00f6\u011frenildi.<\/p>\n","protected":false},"author":1,"featured_media":63688,"comment_status":"open","ping_status":"open","sticky":false,"template":"","format":"standard","meta":{"_crdt_document":"","footnotes":""},"categories":[5],"tags":[],"class_list":["post-63687","post","type-post","status-publish","format-standard","has-post-thumbnail","hentry","category-asayis"],"_links":{"self":[{"href":"https:\/\/www.egemtv.com\/index.php?rest_route=\/wp\/v2\/posts\/63687","targetHints":{"allow":["GET"]}}],"collection":[{"href":"https:\/\/www.egemtv.com\/index.php?rest_route=\/wp\/v2\/posts"}],"about":[{"href":"https:\/\/www.egemtv.com\/index.php?rest_route=\/wp\/v2\/types\/post"}],"author":[{"embeddable":true,"href":"https:\/\/www.egemtv.com\/index.php?rest_route=\/wp\/v2\/users\/1"}],"replies":[{"embeddable":true,"href":"https:\/\/www.egemtv.com\/index.php?rest_route=%2Fwp%2Fv2%2Fcomments&post=63687"}],"version-history":[{"count":1,"href":"https:\/\/www.egemtv.com\/index.php?rest_route=\/wp\/v2\/posts\/63687\/revisions"}],"predecessor-version":[{"id":63689,"href":"https:\/\/www.egemtv.com\/index.php?rest_route=\/wp\/v2\/posts\/63687\/revisions\/63689"}],"wp:featuredmedia":[{"embeddable":true,"href":"https:\/\/www.egemtv.com\/index.php?rest_route=\/wp\/v2\/media\/63688"}],"wp:attachment":[{"href":"https:\/\/www.egemtv.com\/index.php?rest_route=%2Fwp%2Fv2%2Fmedia&parent=63687"}],"wp:term":[{"taxonomy":"category","embeddable":true,"href":"https:\/\/www.egemtv.com\/index.php?rest_route=%2Fwp%2Fv2%2Fcategories&post=63687"},{"taxonomy":"post_tag","embeddable":true,"href":"https:\/\/www.egemtv.com\/index.php?rest_route=%2Fwp%2Fv2%2Ftags&post=63687"}],"curies":[{"name":"wp","href":"https:\/\/api.w.org\/{rel}","templated":true}]}}