{"id":63684,"date":"2025-10-25T08:14:41","date_gmt":"2025-10-25T05:14:41","guid":{"rendered":"https:\/\/www.egemtv.com\/?p=63684"},"modified":"2025-10-25T08:14:42","modified_gmt":"2025-10-25T05:14:42","slug":"denizlide-sezonun-ilk-ceviz-hasadi-tavasta-yapildi","status":"publish","type":"post","link":"https:\/\/www.egemtv.com\/?p=63684","title":{"rendered":"Denizli\u2019de sezonun ilk ceviz hasad\u0131 Tavas\u2019ta yap\u0131ld\u0131"},"content":{"rendered":"<p>Modern kapama ceviz bah\u00e7eleriyle T\u00fcrkiye\u2019nin \u00f6nde gelen \u00fcretim noktalar\u0131ndan Denizli\u2019de ceviz hasad\u0131na ba\u015flan\u0131ld\u0131.<\/p>\n<p>Modern kapama ceviz bah\u00e7eleri anlam\u0131nda T\u00fcrkiye\u2019nin \u00f6nde gelen Denizli\u2019de ceviz hasad\u0131 start ald\u0131. Kentte 13 bin 225 hektar alanda yeti\u015ftirilen ceviz\u2019de Tavas bin 860 hektar alan ile \u00fcretimde ilk s\u0131rada yer al\u0131yor. Kentte meyve veren a\u011fa\u00e7 ba\u015f\u0131 verim ise yakla\u015f\u0131k 20 kilogram oldu\u011fu ifade edildi. Kentte a\u011f\u0131rl\u0131kl\u0131 olarak Chandler \u00e7e\u015fidi yeti\u015ftirilmekte olup di\u011fer yabanc\u0131 \u00e7e\u015fitler olan Fernor ve Franquette yan\u0131 s\u0131ra yerli \u00e7e\u015fit olarak \u015eebin, Bilecik ve Yalova \u00e7e\u015fitleriyle yeti\u015ftiriliyor. Tavas il\u00e7esinde ba\u015flayan ceviz hasad\u0131na Denizli Valisi \u00d6mer Faruk Co\u015fkun\u2019da kat\u0131ld\u0131. Denizli\u2019nin tar\u0131msal \u00fcretim anlam\u0131nda bereketinden olduk\u00e7a memnun oldu\u011funu ifade eden Vali \u00d6mer Faruk Co\u015fkun, &#8220;Denizli\u2019mizde d\u00fczenlenen hasat g\u00fcnlerine elimden geldi\u011fince kat\u0131l\u0131m sa\u011flayarak \u00fcreticimizin hep yan\u0131nda oldum. Bug\u00fcnde Tavas il\u00e7emizde ceviz hasad\u0131n\u0131 ba\u015flat\u0131yoruz. \u00c7ift\u00e7ilerimiz bir y\u0131l boyunca emek harcay\u0131p hasat g\u00fcnlerinin gelmesini beklerler. Allah eme\u011finizin kar\u015f\u0131l\u0131\u011f\u0131n\u0131 misliyle verece\u011fine inan\u0131yorum Ceviz hasad\u0131m\u0131z\u0131n \u00fcreticimize, Denizli\u2019mize ve \u00fclkemize hay\u0131rl\u0131 ve bereketli olmas\u0131n\u0131 diliyorum&#8221; dedi.<\/p>\n<p>A\u00e7\u0131klamalar\u0131n ard\u0131ndan Denizli Valisi \u00d6mer Faruk Co\u015fkun, beraberindeki heyet ile ceviz bah\u00e7esine ge\u00e7erek temsili ceviz hasad\u0131 ger\u00e7ekle\u015ftirdi. Ard\u0131ndan \u00fcreticiler ile birlikte sekt\u00f6r\u00fcn sorunlar\u0131 ve \u00e7\u00f6z\u00fcmlerine y\u00f6nelik isti\u015farede bulunuldu.<br \/><\/p>\n","protected":false},"excerpt":{"rendered":"<p>Modern kapama ceviz bah\u00e7eleriyle T\u00fcrkiye\u2019nin \u00f6nde gelen \u00fcretim noktalar\u0131ndan Denizli\u2019de ceviz hasad\u0131na ba\u015flan\u0131ld\u0131. Modern kapama ceviz bah\u00e7eleri anlam\u0131nda T\u00fcrkiye\u2019nin \u00f6nde gelen Denizli\u2019de ceviz hasad\u0131 start ald\u0131. Kentte 13 bin 225 hektar alanda yeti\u015ftirilen ceviz\u2019de Tavas bin 860 hektar alan ile \u00fcretimde ilk s\u0131rada yer al\u0131yor. Kentte meyve veren a\u011fa\u00e7 ba\u015f\u0131 verim ise yakla\u015f\u0131k 20 kilogram&#8230;<\/p>\n","protected":false},"author":1,"featured_media":63685,"comment_status":"open","ping_status":"open","sticky":false,"template":"","format":"standard","meta":{"_crdt_document":"","footnotes":""},"categories":[125],"tags":[],"class_list":["post-63684","post","type-post","status-publish","format-standard","has-post-thumbnail","hentry","category-ekonomi"],"_links":{"self":[{"href":"https:\/\/www.egemtv.com\/index.php?rest_route=\/wp\/v2\/posts\/63684","targetHints":{"allow":["GET"]}}],"collection":[{"href":"https:\/\/www.egemtv.com\/index.php?rest_route=\/wp\/v2\/posts"}],"about":[{"href":"https:\/\/www.egemtv.com\/index.php?rest_route=\/wp\/v2\/types\/post"}],"author":[{"embeddable":true,"href":"https:\/\/www.egemtv.com\/index.php?rest_route=\/wp\/v2\/users\/1"}],"replies":[{"embeddable":true,"href":"https:\/\/www.egemtv.com\/index.php?rest_route=%2Fwp%2Fv2%2Fcomments&post=63684"}],"version-history":[{"count":1,"href":"https:\/\/www.egemtv.com\/index.php?rest_route=\/wp\/v2\/posts\/63684\/revisions"}],"predecessor-version":[{"id":63686,"href":"https:\/\/www.egemtv.com\/index.php?rest_route=\/wp\/v2\/posts\/63684\/revisions\/63686"}],"wp:featuredmedia":[{"embeddable":true,"href":"https:\/\/www.egemtv.com\/index.php?rest_route=\/wp\/v2\/media\/63685"}],"wp:attachment":[{"href":"https:\/\/www.egemtv.com\/index.php?rest_route=%2Fwp%2Fv2%2Fmedia&parent=63684"}],"wp:term":[{"taxonomy":"category","embeddable":true,"href":"https:\/\/www.egemtv.com\/index.php?rest_route=%2Fwp%2Fv2%2Fcategories&post=63684"},{"taxonomy":"post_tag","embeddable":true,"href":"https:\/\/www.egemtv.com\/index.php?rest_route=%2Fwp%2Fv2%2Ftags&post=63684"}],"curies":[{"name":"wp","href":"https:\/\/api.w.org\/{rel}","templated":true}]}}