{"id":63681,"date":"2025-10-25T08:14:38","date_gmt":"2025-10-25T05:14:38","guid":{"rendered":"https:\/\/www.egemtv.com\/?p=63681"},"modified":"2025-10-25T08:14:40","modified_gmt":"2025-10-25T05:14:40","slug":"usakta-uyusturucu-operasyonu-2-kisi-tutuklandi","status":"publish","type":"post","link":"https:\/\/www.egemtv.com\/?p=63681","title":{"rendered":"U\u015fak\u2019ta uyu\u015fturucu operasyonu: 2 ki\u015fi tutukland\u0131"},"content":{"rendered":"<p>U\u015fak \u0130l Emniyet M\u00fcd\u00fcrl\u00fc\u011f\u00fc Narkotik Su\u00e7larla M\u00fccadele \u015eube M\u00fcd\u00fcrl\u00fc\u011f\u00fc ekiplerince il merkezinde d\u00fczenlenen operasyonda 2 ki\u015fi tutukland\u0131.<br \/>\n<br \/>U\u015fak \u0130l Emniyet M\u00fcd\u00fcrl\u00fc\u011f\u00fc Narkotik Su\u00e7larla M\u00fccadele \u015eube M\u00fcd\u00fcrl\u00fc\u011f\u00fc ekipleri, &#8220;Uyu\u015fturucu Madde Ticareti&#8221; ile m\u00fccadele kapsam\u0131nda il merkezinde bir adrese operasyon ger\u00e7ekle\u015ftirdi. Adreste yap\u0131lan aramada 81 gram metamfetamin ele ge\u00e7irildi.<br \/>\n<br \/>Operasyon kapsam\u0131nda g\u00f6zalt\u0131na al\u0131nan 2 \u015f\u00fcpheli, emniyetteki i\u015flemlerinin ard\u0131ndan adliyeye sevk edildi. \u00c7\u0131kar\u0131ld\u0131klar\u0131 mahkemece \u015f\u00fcpheliler tutuklanarak cezaevine g\u00f6nderildi.<br \/><\/p>\n","protected":false},"excerpt":{"rendered":"<p>U\u015fak \u0130l Emniyet M\u00fcd\u00fcrl\u00fc\u011f\u00fc Narkotik Su\u00e7larla M\u00fccadele \u015eube M\u00fcd\u00fcrl\u00fc\u011f\u00fc ekiplerince il merkezinde d\u00fczenlenen operasyonda 2 ki\u015fi tutukland\u0131. U\u015fak \u0130l Emniyet M\u00fcd\u00fcrl\u00fc\u011f\u00fc Narkotik Su\u00e7larla M\u00fccadele \u015eube M\u00fcd\u00fcrl\u00fc\u011f\u00fc ekipleri, &#8220;Uyu\u015fturucu Madde Ticareti&#8221; ile m\u00fccadele kapsam\u0131nda il merkezinde bir adrese operasyon ger\u00e7ekle\u015ftirdi. Adreste yap\u0131lan aramada 81 gram metamfetamin ele ge\u00e7irildi. Operasyon kapsam\u0131nda g\u00f6zalt\u0131na al\u0131nan 2 \u015f\u00fcpheli, emniyetteki i\u015flemlerinin&#8230;<\/p>\n","protected":false},"author":1,"featured_media":63682,"comment_status":"open","ping_status":"open","sticky":false,"template":"","format":"standard","meta":{"_crdt_document":"","footnotes":""},"categories":[5],"tags":[],"class_list":["post-63681","post","type-post","status-publish","format-standard","has-post-thumbnail","hentry","category-asayis"],"_links":{"self":[{"href":"https:\/\/www.egemtv.com\/index.php?rest_route=\/wp\/v2\/posts\/63681","targetHints":{"allow":["GET"]}}],"collection":[{"href":"https:\/\/www.egemtv.com\/index.php?rest_route=\/wp\/v2\/posts"}],"about":[{"href":"https:\/\/www.egemtv.com\/index.php?rest_route=\/wp\/v2\/types\/post"}],"author":[{"embeddable":true,"href":"https:\/\/www.egemtv.com\/index.php?rest_route=\/wp\/v2\/users\/1"}],"replies":[{"embeddable":true,"href":"https:\/\/www.egemtv.com\/index.php?rest_route=%2Fwp%2Fv2%2Fcomments&post=63681"}],"version-history":[{"count":1,"href":"https:\/\/www.egemtv.com\/index.php?rest_route=\/wp\/v2\/posts\/63681\/revisions"}],"predecessor-version":[{"id":63683,"href":"https:\/\/www.egemtv.com\/index.php?rest_route=\/wp\/v2\/posts\/63681\/revisions\/63683"}],"wp:featuredmedia":[{"embeddable":true,"href":"https:\/\/www.egemtv.com\/index.php?rest_route=\/wp\/v2\/media\/63682"}],"wp:attachment":[{"href":"https:\/\/www.egemtv.com\/index.php?rest_route=%2Fwp%2Fv2%2Fmedia&parent=63681"}],"wp:term":[{"taxonomy":"category","embeddable":true,"href":"https:\/\/www.egemtv.com\/index.php?rest_route=%2Fwp%2Fv2%2Fcategories&post=63681"},{"taxonomy":"post_tag","embeddable":true,"href":"https:\/\/www.egemtv.com\/index.php?rest_route=%2Fwp%2Fv2%2Ftags&post=63681"}],"curies":[{"name":"wp","href":"https:\/\/api.w.org\/{rel}","templated":true}]}}