{"id":63678,"date":"2025-10-25T08:14:35","date_gmt":"2025-10-25T05:14:35","guid":{"rendered":"https:\/\/www.egemtv.com\/?p=63678"},"modified":"2025-10-25T08:14:37","modified_gmt":"2025-10-25T05:14:37","slug":"usak-universitesi-urap-siralamasinda-8-basamak-birden-yukseldi","status":"publish","type":"post","link":"https:\/\/www.egemtv.com\/?p=63678","title":{"rendered":"U\u015fak \u00dcniversitesi URAP s\u0131ralamas\u0131nda 8 basamak birden y\u00fckseldi"},"content":{"rendered":"<p>U\u015fak \u00dcniversitesi, University Ranking by Academic Performance (URAP) 2025-2026 T\u00fcrkiye S\u0131ralamas\u0131nda 8 basamak birden y\u00fckselerek \u00f6nemli bir ba\u015far\u0131ya daha imza att\u0131. Ge\u00e7ti\u011fimiz y\u0131l 190 \u00fcniversite aras\u0131nda 106\u2019nc\u0131 s\u0131rada yer alan U\u015fak \u00dcniversitesi, bu y\u0131l 198 \u00fcniversite aras\u0131nda 98\u2019inci s\u0131raya y\u00fckseldi.<\/p>\n<p>URAP T\u00fcrkiye s\u0131ralamas\u0131nda bu y\u0131l 15 g\u00f6sterge kullan\u0131ld\u0131. Bu g\u00f6stergeler aras\u0131nda makale ve at\u0131f say\u0131lar\u0131, T\u00dcB\u0130TAK proje say\u0131s\u0131, ulusal ve uluslararas\u0131 ortak makaleler ile doktora \u00f6\u011frenci oran\u0131 gibi kriterler yer ald\u0131. U\u015fak \u00dcniversitesi\u2019nin y\u00fckseli\u015finde \u00f6zellikle etki de\u011feri y\u00fcksek dergilerde yap\u0131lan yay\u0131nlar\u0131n artmas\u0131, uluslararas\u0131 ortak makale say\u0131lar\u0131ndaki y\u00fckseli\u015f ve T\u00dcB\u0130TAK projelerinde elde edilen ivme etkili oldu.<\/p>\n<p>U\u015fak \u00dcniversitesi Rekt\u00f6r\u00fc Prof. Dr. Ekrem Sava\u015f, elde edilen bu ba\u015far\u0131n\u0131n \u00fcniversitenin do\u011fru stratejilerle ilerledi\u011finin bir g\u00f6stergesi oldu\u011funu vurgulad\u0131. Prof. Dr. Sava\u015f, yapt\u0131\u011f\u0131 de\u011ferlendirmede \u015funlar\u0131 s\u00f6yledi: &#8220;URAP s\u0131ralamas\u0131nda 8 basamak birden y\u00fckselerek 98\u2019inci s\u0131raya yerle\u015fmemiz, \u00fcniversitemizin akademik potansiyelinin ve y\u00f6netim kadromuzun kararl\u0131 \u00e7al\u0131\u015fmalar\u0131n\u0131n somut bir g\u00f6stergesidir. Etki de\u011feri y\u00fcksek yay\u0131nlara, uluslararas\u0131 i\u015f birliklerine ve proje \u00fcretkenli\u011fine verdi\u011fimiz \u00f6nem, bu ba\u015far\u0131n\u0131n temel ta\u015flar\u0131n\u0131 olu\u015fturdu. Bu ba\u015far\u0131, bir tesad\u00fcf de\u011fil; planl\u0131, bilin\u00e7li ve ekip ruhuyla y\u00fcr\u00fct\u00fclen bir \u00e7al\u0131\u015fman\u0131n sonucudur.&#8221; dedi.<br \/>\n<br \/>Son y\u0131llarda URAP, THE, QS Avrupa ve Webometrics gibi ulusal ve uluslararas\u0131 s\u0131ralamalarda yer almay\u0131 s\u00fcrd\u00fcren U\u015fak \u00dcniversitesi, b\u00f6lgesel bir lider olma hedefini somut verilerle destekleyen bir performans sergiliyor. \u00dcniversite, \u00f6zellikle uluslararas\u0131 ortak makalelerdeki art\u0131\u015fla k\u00fcresel bilimsel g\u00f6r\u00fcn\u00fcrl\u00fc\u011f\u00fcn\u00fc daha da g\u00fc\u00e7lendirdi.<br \/>\n<br \/>Rekt\u00f6r Prof. Dr. Sava\u015f, bu ba\u015far\u0131n\u0131n s\u00fcrd\u00fcr\u00fclebilir hale getirilmesi i\u00e7in yay\u0131n kalitesi, proje \u00e7e\u015fitlili\u011fi ve doktora altyap\u0131s\u0131n\u0131n geli\u015ftirilmesine y\u00f6nelik \u00e7al\u0131\u015fmalara h\u0131z kesmeden devam edeceklerini de s\u00f6zlerine ekledi.<br \/><\/p>\n","protected":false},"excerpt":{"rendered":"<p>U\u015fak \u00dcniversitesi, University Ranking by Academic Performance (URAP) 2025-2026 T\u00fcrkiye S\u0131ralamas\u0131nda 8 basamak birden y\u00fckselerek \u00f6nemli bir ba\u015far\u0131ya daha imza att\u0131. Ge\u00e7ti\u011fimiz y\u0131l 190 \u00fcniversite aras\u0131nda 106\u2019nc\u0131 s\u0131rada yer alan U\u015fak \u00dcniversitesi, bu y\u0131l 198 \u00fcniversite aras\u0131nda 98\u2019inci s\u0131raya y\u00fckseldi. URAP T\u00fcrkiye s\u0131ralamas\u0131nda bu y\u0131l 15 g\u00f6sterge kullan\u0131ld\u0131. Bu g\u00f6stergeler aras\u0131nda makale ve at\u0131f say\u0131lar\u0131,&#8230;<\/p>\n","protected":false},"author":1,"featured_media":63679,"comment_status":"open","ping_status":"open","sticky":false,"template":"","format":"standard","meta":{"_crdt_document":"","footnotes":""},"categories":[1],"tags":[],"class_list":["post-63678","post","type-post","status-publish","format-standard","has-post-thumbnail","hentry","category-guncel"],"_links":{"self":[{"href":"https:\/\/www.egemtv.com\/index.php?rest_route=\/wp\/v2\/posts\/63678","targetHints":{"allow":["GET"]}}],"collection":[{"href":"https:\/\/www.egemtv.com\/index.php?rest_route=\/wp\/v2\/posts"}],"about":[{"href":"https:\/\/www.egemtv.com\/index.php?rest_route=\/wp\/v2\/types\/post"}],"author":[{"embeddable":true,"href":"https:\/\/www.egemtv.com\/index.php?rest_route=\/wp\/v2\/users\/1"}],"replies":[{"embeddable":true,"href":"https:\/\/www.egemtv.com\/index.php?rest_route=%2Fwp%2Fv2%2Fcomments&post=63678"}],"version-history":[{"count":1,"href":"https:\/\/www.egemtv.com\/index.php?rest_route=\/wp\/v2\/posts\/63678\/revisions"}],"predecessor-version":[{"id":63680,"href":"https:\/\/www.egemtv.com\/index.php?rest_route=\/wp\/v2\/posts\/63678\/revisions\/63680"}],"wp:featuredmedia":[{"embeddable":true,"href":"https:\/\/www.egemtv.com\/index.php?rest_route=\/wp\/v2\/media\/63679"}],"wp:attachment":[{"href":"https:\/\/www.egemtv.com\/index.php?rest_route=%2Fwp%2Fv2%2Fmedia&parent=63678"}],"wp:term":[{"taxonomy":"category","embeddable":true,"href":"https:\/\/www.egemtv.com\/index.php?rest_route=%2Fwp%2Fv2%2Fcategories&post=63678"},{"taxonomy":"post_tag","embeddable":true,"href":"https:\/\/www.egemtv.com\/index.php?rest_route=%2Fwp%2Fv2%2Ftags&post=63678"}],"curies":[{"name":"wp","href":"https:\/\/api.w.org\/{rel}","templated":true}]}}