{"id":63675,"date":"2025-10-24T23:54:33","date_gmt":"2025-10-24T20:54:33","guid":{"rendered":"https:\/\/www.egemtv.com\/?p=63675"},"modified":"2025-10-24T23:54:35","modified_gmt":"2025-10-24T20:54:35","slug":"manisada-bicakli-kavga-1-agir-yarali","status":"publish","type":"post","link":"https:\/\/www.egemtv.com\/?p=63675","title":{"rendered":"Manisa\u2019da b\u0131\u00e7akl\u0131 kavga: 1 a\u011f\u0131r yaral\u0131"},"content":{"rendered":"<p>Manisa\u2019n\u0131n Turgutlu il\u00e7esinde \u00e7\u0131kan b\u0131\u00e7akl\u0131 kavgada 1 ki\u015fi a\u011f\u0131r yaraland\u0131.<br \/>\n<br \/>Olay, Altay Mahallesi F\u0131rat Sokak\u2019ta meydana geldi. \u0130ddiaya g\u00f6re, Dibek Sokak\u2019ta d\u00fczenlenen asker e\u011flencesinde kar\u015f\u0131la\u015fan ve aralar\u0131nda husumet bulunan iki ki\u015fi aras\u0131nda tart\u0131\u015fma \u00e7\u0131kt\u0131. Tart\u0131\u015fman\u0131n b\u00fcy\u00fcmesi \u00fczerine E.Y.A. b\u0131\u00e7akla yaraland\u0131. Durumun bildirilmesi \u00fczerine olay yerine sa\u011fl\u0131k ve polis ekipleri sevk edildi. \u0130lk m\u00fcdahalesi yap\u0131lan yaral\u0131, Turgutlu Devlet Hastanesi\u2019ne kald\u0131r\u0131ld\u0131. E.Y.A.\u2019n\u0131n durumunun a\u011f\u0131r oldu\u011fu ve Manisa\u2019ya sevk edilece\u011fi \u00f6\u011frenildi.<br \/>\n<br \/>\u00d6te yandan E.Y.A.\u2019y\u0131 b\u0131\u00e7aklad\u0131\u011f\u0131 \u00f6ne s\u00fcr\u00fclen A.B.\u2019nin olay yerinden ka\u00e7arak uzakla\u015ft\u0131\u011f\u0131, \u015f\u00fcphelinin yakalanmas\u0131 i\u00e7in polis ekiplerinin \u00e7al\u0131\u015fma ba\u015flatt\u0131\u011f\u0131 belirtildi.<br \/><\/p>\n","protected":false},"excerpt":{"rendered":"<p>Manisa\u2019n\u0131n Turgutlu il\u00e7esinde \u00e7\u0131kan b\u0131\u00e7akl\u0131 kavgada 1 ki\u015fi a\u011f\u0131r yaraland\u0131. Olay, Altay Mahallesi F\u0131rat Sokak\u2019ta meydana geldi. \u0130ddiaya g\u00f6re, Dibek Sokak\u2019ta d\u00fczenlenen asker e\u011flencesinde kar\u015f\u0131la\u015fan ve aralar\u0131nda husumet bulunan iki ki\u015fi aras\u0131nda tart\u0131\u015fma \u00e7\u0131kt\u0131. Tart\u0131\u015fman\u0131n b\u00fcy\u00fcmesi \u00fczerine E.Y.A. b\u0131\u00e7akla yaraland\u0131. Durumun bildirilmesi \u00fczerine olay yerine sa\u011fl\u0131k ve polis ekipleri sevk edildi. \u0130lk m\u00fcdahalesi yap\u0131lan yaral\u0131,&#8230;<\/p>\n","protected":false},"author":1,"featured_media":63676,"comment_status":"open","ping_status":"open","sticky":false,"template":"","format":"standard","meta":{"_crdt_document":"","footnotes":""},"categories":[5],"tags":[],"class_list":["post-63675","post","type-post","status-publish","format-standard","has-post-thumbnail","hentry","category-asayis"],"_links":{"self":[{"href":"https:\/\/www.egemtv.com\/index.php?rest_route=\/wp\/v2\/posts\/63675","targetHints":{"allow":["GET"]}}],"collection":[{"href":"https:\/\/www.egemtv.com\/index.php?rest_route=\/wp\/v2\/posts"}],"about":[{"href":"https:\/\/www.egemtv.com\/index.php?rest_route=\/wp\/v2\/types\/post"}],"author":[{"embeddable":true,"href":"https:\/\/www.egemtv.com\/index.php?rest_route=\/wp\/v2\/users\/1"}],"replies":[{"embeddable":true,"href":"https:\/\/www.egemtv.com\/index.php?rest_route=%2Fwp%2Fv2%2Fcomments&post=63675"}],"version-history":[{"count":1,"href":"https:\/\/www.egemtv.com\/index.php?rest_route=\/wp\/v2\/posts\/63675\/revisions"}],"predecessor-version":[{"id":63677,"href":"https:\/\/www.egemtv.com\/index.php?rest_route=\/wp\/v2\/posts\/63675\/revisions\/63677"}],"wp:featuredmedia":[{"embeddable":true,"href":"https:\/\/www.egemtv.com\/index.php?rest_route=\/wp\/v2\/media\/63676"}],"wp:attachment":[{"href":"https:\/\/www.egemtv.com\/index.php?rest_route=%2Fwp%2Fv2%2Fmedia&parent=63675"}],"wp:term":[{"taxonomy":"category","embeddable":true,"href":"https:\/\/www.egemtv.com\/index.php?rest_route=%2Fwp%2Fv2%2Fcategories&post=63675"},{"taxonomy":"post_tag","embeddable":true,"href":"https:\/\/www.egemtv.com\/index.php?rest_route=%2Fwp%2Fv2%2Ftags&post=63675"}],"curies":[{"name":"wp","href":"https:\/\/api.w.org\/{rel}","templated":true}]}}