{"id":63669,"date":"2025-10-24T22:54:47","date_gmt":"2025-10-24T19:54:47","guid":{"rendered":"https:\/\/www.egemtv.com\/?p=63669"},"modified":"2025-10-24T22:54:48","modified_gmt":"2025-10-24T19:54:48","slug":"marmariste-orgutlu-tefecilik-operasyonu-4-kisi-tutuklandi","status":"publish","type":"post","link":"https:\/\/www.egemtv.com\/?p=63669","title":{"rendered":"Marmaris\u2019te \u00f6rg\u00fctl\u00fc tefecilik operasyonu: 4 ki\u015fi tutukland\u0131"},"content":{"rendered":"<p>Mu\u011fla\u2019n\u0131n Marmaris il\u00e7esinde tefecilik yapt\u0131\u011f\u0131 tespit edilen \u015f\u00fcphelilere y\u00f6nelik d\u00fczenlenen operasyonda yakalanan d\u00f6rt ki\u015fi tutuklanarak cezaevine g\u00f6nderildi.<\/p>\n<p>Marmaris \u0130l\u00e7e Emniyet M\u00fcd\u00fcrl\u00fc\u011f\u00fc Ka\u00e7ak\u00e7\u0131l\u0131k ve Organize Su\u00e7larla M\u00fccadele (KOM) ekipleri, il\u00e7ede tefecilik yap\u0131ld\u0131\u011f\u0131 y\u00f6n\u00fcndeki ihbar \u00fczerine \u00e7al\u0131\u015fma ba\u015flatt\u0131. Yap\u0131lan \u00e7al\u0131\u015fmalar kapsam\u0131nda ekipler, tespit edilen d\u00f6rt ki\u015fiyi \u00fc\u00e7 ay boyunca teknik ve fiziki takibe ald\u0131. Cumhuriyet Savc\u0131l\u0131\u011f\u0131 talimat\u0131yla y\u00fcr\u00fct\u00fclen soru\u015fturma kapsam\u0131nda, \u015f\u00fcphelilerin oto sanayi b\u00f6lgesinde paraya ihtiyac\u0131 olan vatanda\u015flara y\u00fcksek faizle bor\u00e7 para verdikleri ve kar\u015f\u0131l\u0131\u011f\u0131nda bo\u015f senet imzalatt\u0131klar\u0131 belirlendi. Elde edilen delillerin ard\u0131ndan harekete ge\u00e7en ekipler, Marmaris\u2019te belirlenen ikamet ve i\u015f yerlerine e\u015f zamanl\u0131 operasyon d\u00fczenledi. Takibe al\u0131nan E.D., S.T., S.D. ve S.K. isimli 4 \u015f\u00fcphelinin tefecilik faaliyetleri sonucunda 21 ki\u015fiyi ma\u011fdur ettikleri tespit edildi. Yakalanarak g\u00f6zalt\u0131na al\u0131nan \u015f\u00fcpheliler, emniyetteki i\u015flemlerinin ard\u0131ndan adliyeye sevk edildi. Mahkemede hakim kar\u015f\u0131s\u0131na \u00e7\u0131kan 4 \u015f\u00fcpheli, tutuklanarak cezaevine g\u00f6nderildi.<br \/><\/p>\n","protected":false},"excerpt":{"rendered":"<p>Mu\u011fla\u2019n\u0131n Marmaris il\u00e7esinde tefecilik yapt\u0131\u011f\u0131 tespit edilen \u015f\u00fcphelilere y\u00f6nelik d\u00fczenlenen operasyonda yakalanan d\u00f6rt ki\u015fi tutuklanarak cezaevine g\u00f6nderildi. Marmaris \u0130l\u00e7e Emniyet M\u00fcd\u00fcrl\u00fc\u011f\u00fc Ka\u00e7ak\u00e7\u0131l\u0131k ve Organize Su\u00e7larla M\u00fccadele (KOM) ekipleri, il\u00e7ede tefecilik yap\u0131ld\u0131\u011f\u0131 y\u00f6n\u00fcndeki ihbar \u00fczerine \u00e7al\u0131\u015fma ba\u015flatt\u0131. Yap\u0131lan \u00e7al\u0131\u015fmalar kapsam\u0131nda ekipler, tespit edilen d\u00f6rt ki\u015fiyi \u00fc\u00e7 ay boyunca teknik ve fiziki takibe ald\u0131. Cumhuriyet Savc\u0131l\u0131\u011f\u0131 talimat\u0131yla&#8230;<\/p>\n","protected":false},"author":1,"featured_media":63670,"comment_status":"open","ping_status":"open","sticky":false,"template":"","format":"standard","meta":{"_crdt_document":"","footnotes":""},"categories":[5],"tags":[],"class_list":["post-63669","post","type-post","status-publish","format-standard","has-post-thumbnail","hentry","category-asayis"],"_links":{"self":[{"href":"https:\/\/www.egemtv.com\/index.php?rest_route=\/wp\/v2\/posts\/63669","targetHints":{"allow":["GET"]}}],"collection":[{"href":"https:\/\/www.egemtv.com\/index.php?rest_route=\/wp\/v2\/posts"}],"about":[{"href":"https:\/\/www.egemtv.com\/index.php?rest_route=\/wp\/v2\/types\/post"}],"author":[{"embeddable":true,"href":"https:\/\/www.egemtv.com\/index.php?rest_route=\/wp\/v2\/users\/1"}],"replies":[{"embeddable":true,"href":"https:\/\/www.egemtv.com\/index.php?rest_route=%2Fwp%2Fv2%2Fcomments&post=63669"}],"version-history":[{"count":1,"href":"https:\/\/www.egemtv.com\/index.php?rest_route=\/wp\/v2\/posts\/63669\/revisions"}],"predecessor-version":[{"id":63671,"href":"https:\/\/www.egemtv.com\/index.php?rest_route=\/wp\/v2\/posts\/63669\/revisions\/63671"}],"wp:featuredmedia":[{"embeddable":true,"href":"https:\/\/www.egemtv.com\/index.php?rest_route=\/wp\/v2\/media\/63670"}],"wp:attachment":[{"href":"https:\/\/www.egemtv.com\/index.php?rest_route=%2Fwp%2Fv2%2Fmedia&parent=63669"}],"wp:term":[{"taxonomy":"category","embeddable":true,"href":"https:\/\/www.egemtv.com\/index.php?rest_route=%2Fwp%2Fv2%2Fcategories&post=63669"},{"taxonomy":"post_tag","embeddable":true,"href":"https:\/\/www.egemtv.com\/index.php?rest_route=%2Fwp%2Fv2%2Ftags&post=63669"}],"curies":[{"name":"wp","href":"https:\/\/api.w.org\/{rel}","templated":true}]}}