{"id":63666,"date":"2025-10-24T21:42:15","date_gmt":"2025-10-24T18:42:15","guid":{"rendered":"https:\/\/www.egemtv.com\/?p=63666"},"modified":"2025-10-24T21:42:17","modified_gmt":"2025-10-24T18:42:17","slug":"kutahyada-kayip-70-keci-jandarma-tarafindan-bulundu","status":"publish","type":"post","link":"https:\/\/www.egemtv.com\/?p=63666","title":{"rendered":"K\u00fctahya\u2019da kay\u0131p 70 ke\u00e7i, jandarma taraf\u0131ndan bulundu"},"content":{"rendered":"<p>K\u00fctahya\u2019n\u0131n B\u00fcy\u00fcksaka k\u00f6y\u00fcnde kaybolan 70 k\u00fc\u00e7\u00fckba\u015f hayvan, jandarma ekipleri taraf\u0131ndan bulunarak sahiplerine teslim edildi.<br \/>\n<br \/>B\u00fcy\u00fcksaka k\u00f6y\u00fcnde ikamet eden M.\u00c7. ve O.Y.,  70 k\u00fc\u00e7\u00fckba\u015f hayvan\u0131n sabah saatlerinde ah\u0131r kap\u0131s\u0131n\u0131n a\u00e7\u0131lmas\u0131yla d\u0131\u015far\u0131 \u00e7\u0131kt\u0131\u011f\u0131n\u0131 fark etti. Yap\u0131lan t\u00fcm aramalara ra\u011fmen hayvanlara ula\u015f\u0131lamad\u0131. Durumu Merkez \u0130l\u00e7e Jandarma Karakol Komutanl\u0131\u011f\u0131na bildiren vatanda\u015flar, jandarman\u0131n h\u0131zl\u0131 m\u00fcdahalesi sayesinde rahat bir nefes ald\u0131.<br \/>\n<br \/>Ekiplerin \u00e7al\u0131\u015fmalar\u0131 sonucu kay\u0131p hayvanlar, k\u00f6ye yakla\u015f\u0131k 3 kilometre uzakl\u0131kta bulunarak sahiplerine teslim edildi.<br \/><\/p>\n","protected":false},"excerpt":{"rendered":"<p>K\u00fctahya\u2019n\u0131n B\u00fcy\u00fcksaka k\u00f6y\u00fcnde kaybolan 70 k\u00fc\u00e7\u00fckba\u015f hayvan, jandarma ekipleri taraf\u0131ndan bulunarak sahiplerine teslim edildi. B\u00fcy\u00fcksaka k\u00f6y\u00fcnde ikamet eden M.\u00c7. ve O.Y., 70 k\u00fc\u00e7\u00fckba\u015f hayvan\u0131n sabah saatlerinde ah\u0131r kap\u0131s\u0131n\u0131n a\u00e7\u0131lmas\u0131yla d\u0131\u015far\u0131 \u00e7\u0131kt\u0131\u011f\u0131n\u0131 fark etti. Yap\u0131lan t\u00fcm aramalara ra\u011fmen hayvanlara ula\u015f\u0131lamad\u0131. Durumu Merkez \u0130l\u00e7e Jandarma Karakol Komutanl\u0131\u011f\u0131na bildiren vatanda\u015flar, jandarman\u0131n h\u0131zl\u0131 m\u00fcdahalesi sayesinde rahat bir nefes ald\u0131&#8230;.<\/p>\n","protected":false},"author":1,"featured_media":63667,"comment_status":"open","ping_status":"open","sticky":false,"template":"","format":"standard","meta":{"_crdt_document":"","footnotes":""},"categories":[5],"tags":[],"class_list":["post-63666","post","type-post","status-publish","format-standard","has-post-thumbnail","hentry","category-asayis"],"_links":{"self":[{"href":"https:\/\/www.egemtv.com\/index.php?rest_route=\/wp\/v2\/posts\/63666","targetHints":{"allow":["GET"]}}],"collection":[{"href":"https:\/\/www.egemtv.com\/index.php?rest_route=\/wp\/v2\/posts"}],"about":[{"href":"https:\/\/www.egemtv.com\/index.php?rest_route=\/wp\/v2\/types\/post"}],"author":[{"embeddable":true,"href":"https:\/\/www.egemtv.com\/index.php?rest_route=\/wp\/v2\/users\/1"}],"replies":[{"embeddable":true,"href":"https:\/\/www.egemtv.com\/index.php?rest_route=%2Fwp%2Fv2%2Fcomments&post=63666"}],"version-history":[{"count":1,"href":"https:\/\/www.egemtv.com\/index.php?rest_route=\/wp\/v2\/posts\/63666\/revisions"}],"predecessor-version":[{"id":63668,"href":"https:\/\/www.egemtv.com\/index.php?rest_route=\/wp\/v2\/posts\/63666\/revisions\/63668"}],"wp:featuredmedia":[{"embeddable":true,"href":"https:\/\/www.egemtv.com\/index.php?rest_route=\/wp\/v2\/media\/63667"}],"wp:attachment":[{"href":"https:\/\/www.egemtv.com\/index.php?rest_route=%2Fwp%2Fv2%2Fmedia&parent=63666"}],"wp:term":[{"taxonomy":"category","embeddable":true,"href":"https:\/\/www.egemtv.com\/index.php?rest_route=%2Fwp%2Fv2%2Fcategories&post=63666"},{"taxonomy":"post_tag","embeddable":true,"href":"https:\/\/www.egemtv.com\/index.php?rest_route=%2Fwp%2Fv2%2Ftags&post=63666"}],"curies":[{"name":"wp","href":"https:\/\/api.w.org\/{rel}","templated":true}]}}