{"id":63663,"date":"2025-10-24T21:42:13","date_gmt":"2025-10-24T18:42:13","guid":{"rendered":"https:\/\/www.egemtv.com\/?p=63663"},"modified":"2025-10-24T21:42:14","modified_gmt":"2025-10-24T18:42:14","slug":"dpu-yerleskesinde-yeni-kafe-hizmete-acildi","status":"publish","type":"post","link":"https:\/\/www.egemtv.com\/?p=63663","title":{"rendered":"DP\u00dc Yerle\u015fkesi\u2019nde yeni kafe hizmete a\u00e7\u0131ld\u0131"},"content":{"rendered":"<p>K\u00fctahya Dumlup\u0131nar \u00dcniversitesi (DP\u00dc) yerle\u015fkesinde \u00f6\u011frenciler ve akademik personel i\u00e7in hizmet verecek olan yeni kafe, d\u00fczenlenen t\u00f6renle a\u00e7\u0131ld\u0131.<br \/>\n<br \/>A\u00e7\u0131l\u0131\u015fa K\u00fctahya Valisi Musa I\u015f\u0131n, AK Parti K\u00fctahya \u0130l Ba\u015fkan\u0131 Ceyda \u00c7etin Erenler, DP\u00dc Rekt\u00f6r\u00fc Prof. Dr. S\u00fcleyman K\u0131z\u0131ltoprak, Sa\u011fl\u0131k Bilimleri \u00dcniversitesi Rekt\u00f6r\u00fc Prof. Dr. Ahmet Tekin, \u00fcniversite y\u00f6netimi, akademisyenler, \u00f6\u011frenciler ve il protokol\u00fc kat\u0131ld\u0131.<br \/>\n<br \/>Program, yap\u0131lan duan\u0131n ard\u0131ndan kurdele kesimiyle ba\u015flad\u0131. Kat\u0131l\u0131mc\u0131lar, \u00f6\u011frenciler i\u00e7in modern bir sosyal ya\u015fam alan\u0131 kazand\u0131ran bu yeni mekan\u0131n hay\u0131rl\u0131 olmas\u0131n\u0131 diledi.<br \/>\n<br \/>Vali I\u015f\u0131n, \u00fcniversite gen\u00e7li\u011fi i\u00e7in olu\u015fturulan sosyal alanlar\u0131n \u00f6nemine vurgu yaparak, &#8220;\u00d6\u011frenciler art\u0131k hayat\u0131m\u0131z\u0131n vazge\u00e7ilmez bir par\u00e7as\u0131 olan b\u00f6yle mekanlar\u0131 seviyor. Buran\u0131n manzaras\u0131 da \u00e7ok g\u00fczel, burada oturmak herhalde zevk-i \u00f6vg\u00fcd\u00fcr. Bizim zaman\u0131m\u0131zda kafe bilmezdik; sadece okula giderdik, okuldan eve, evden okula. Ama \u015fimdi zaman de\u011fi\u015fti, gen\u00e7lik b\u00f6yle yerlerde oturmay\u0131 istiyor. Bu i\u015fletme halk\u0131m\u0131za ve \u00f6\u011frencilerimize hay\u0131rl\u0131 olsun, Allah bereketli k\u0131ls\u0131n&#8221; dedi.<br \/>\n<br \/>\u0130\u015fletme sahibi Kemal K\u0131rb\u0131y\u0131k, a\u00e7\u0131l\u0131\u015f t\u00f6renine kat\u0131lan Vali Musa I\u015f\u0131n ve protokol \u00fcyelerine te\u015fekk\u00fcr ederek, \u00fcniversite \u00f6\u011frencilerine kaliteli bir hizmet sunmay\u0131 hedeflediklerini belirtti.<br \/>\n<br \/>A\u00e7\u0131l\u0131\u015f\u0131n ard\u0131ndan kat\u0131l\u0131mc\u0131lar, kafenin sundu\u011fu alanlar\u0131 gezerek bilgi ald\u0131. \u00dcniversite yerle\u015fkesine kazand\u0131r\u0131lan yeni sosyal alan\u0131n, \u00f6\u011frencilerin kamp\u00fcs i\u00e7indeki ya\u015fam\u0131na canl\u0131l\u0131k katmas\u0131 bekleniyor.<br \/><\/p>\n","protected":false},"excerpt":{"rendered":"<p>K\u00fctahya Dumlup\u0131nar \u00dcniversitesi (DP\u00dc) yerle\u015fkesinde \u00f6\u011frenciler ve akademik personel i\u00e7in hizmet verecek olan yeni kafe, d\u00fczenlenen t\u00f6renle a\u00e7\u0131ld\u0131. A\u00e7\u0131l\u0131\u015fa K\u00fctahya Valisi Musa I\u015f\u0131n, AK Parti K\u00fctahya \u0130l Ba\u015fkan\u0131 Ceyda \u00c7etin Erenler, DP\u00dc Rekt\u00f6r\u00fc Prof. Dr. S\u00fcleyman K\u0131z\u0131ltoprak, Sa\u011fl\u0131k Bilimleri \u00dcniversitesi Rekt\u00f6r\u00fc Prof. Dr. Ahmet Tekin, \u00fcniversite y\u00f6netimi, akademisyenler, \u00f6\u011frenciler ve il protokol\u00fc kat\u0131ld\u0131. Program, yap\u0131lan&#8230;<\/p>\n","protected":false},"author":1,"featured_media":63664,"comment_status":"open","ping_status":"open","sticky":false,"template":"","format":"standard","meta":{"_crdt_document":"","footnotes":""},"categories":[123],"tags":[],"class_list":["post-63663","post","type-post","status-publish","format-standard","has-post-thumbnail","hentry","category-gundem"],"_links":{"self":[{"href":"https:\/\/www.egemtv.com\/index.php?rest_route=\/wp\/v2\/posts\/63663","targetHints":{"allow":["GET"]}}],"collection":[{"href":"https:\/\/www.egemtv.com\/index.php?rest_route=\/wp\/v2\/posts"}],"about":[{"href":"https:\/\/www.egemtv.com\/index.php?rest_route=\/wp\/v2\/types\/post"}],"author":[{"embeddable":true,"href":"https:\/\/www.egemtv.com\/index.php?rest_route=\/wp\/v2\/users\/1"}],"replies":[{"embeddable":true,"href":"https:\/\/www.egemtv.com\/index.php?rest_route=%2Fwp%2Fv2%2Fcomments&post=63663"}],"version-history":[{"count":1,"href":"https:\/\/www.egemtv.com\/index.php?rest_route=\/wp\/v2\/posts\/63663\/revisions"}],"predecessor-version":[{"id":63665,"href":"https:\/\/www.egemtv.com\/index.php?rest_route=\/wp\/v2\/posts\/63663\/revisions\/63665"}],"wp:featuredmedia":[{"embeddable":true,"href":"https:\/\/www.egemtv.com\/index.php?rest_route=\/wp\/v2\/media\/63664"}],"wp:attachment":[{"href":"https:\/\/www.egemtv.com\/index.php?rest_route=%2Fwp%2Fv2%2Fmedia&parent=63663"}],"wp:term":[{"taxonomy":"category","embeddable":true,"href":"https:\/\/www.egemtv.com\/index.php?rest_route=%2Fwp%2Fv2%2Fcategories&post=63663"},{"taxonomy":"post_tag","embeddable":true,"href":"https:\/\/www.egemtv.com\/index.php?rest_route=%2Fwp%2Fv2%2Ftags&post=63663"}],"curies":[{"name":"wp","href":"https:\/\/api.w.org\/{rel}","templated":true}]}}