{"id":63660,"date":"2025-10-24T21:42:08","date_gmt":"2025-10-24T18:42:08","guid":{"rendered":"https:\/\/www.egemtv.com\/?p=63660"},"modified":"2025-10-24T21:42:10","modified_gmt":"2025-10-24T18:42:10","slug":"emekli-eczacidan-koy-okuluna-anlamli-destek","status":"publish","type":"post","link":"https:\/\/www.egemtv.com\/?p=63660","title":{"rendered":"Emekli eczac\u0131dan k\u00f6y okuluna anlaml\u0131 destek"},"content":{"rendered":"<p>Sar\u0131g\u00f6l\u2019de emekli eczac\u0131 Beyaz\u0131t Damar, babas\u0131n\u0131n k\u00f6y\u00fc Alem\u015fahl\u0131\u2019daki ilkokula telsiz sistemli ses d\u00fczeni kazand\u0131rarak e\u011fitime deste\u011fini s\u00fcrd\u00fcrd\u00fc.<br \/>\n<br \/>Manisa\u2019n\u0131n Sar\u0131g\u00f6l il\u00e7esinde ya\u015fayan emekli eczac\u0131 Beyaz\u0131t Damar, babas\u0131n\u0131n k\u00f6y\u00fc olan Alem\u015fahl\u0131 Mahallesi \u0130lkokulu\u2019na telsiz sistemle ses d\u00fczeni kazand\u0131rarak okulun \u00f6nemli bir eksikli\u011fini giderdi.<br \/>\n<br \/>Daha \u00f6nce de ayn\u0131 okula ak\u0131ll\u0131 tahta, tek ki\u015filik s\u0131ra ve sandalye deste\u011finde bulunan hay\u0131rsever eczac\u0131 Damar, e\u011fitime olan katk\u0131lar\u0131n\u0131 s\u00fcrd\u00fcrd\u00fc\u011f\u00fcn\u00fc belirterek, &#8220;Ben e\u011fitime \u00e7ok \u00f6nem veriyorum. Babam\u0131n k\u00f6y\u00fc i\u00e7in elimden gelen yard\u0131mlar\u0131 yapmaya devam edece\u011fim. 1998 y\u0131l\u0131nda o\u011flum Mahir \u00d6zg\u00fcr Damar ad\u0131na Didim\u2019de 24 derslikli bir okul yapt\u0131rd\u0131m. Onun ad\u0131n\u0131 ya\u015fat\u0131yorum. Her f\u0131rsatta da Alem\u015fahl\u0131 \u0130lkokulu \u00f6\u011frencilerine destek olmay\u0131 s\u00fcrd\u00fcrece\u011fim.&#8221; dedi.<br \/>\n<br \/>Sar\u0131g\u00f6l \u0130l\u00e7e Milli E\u011fitim M\u00fcd\u00fcr\u00fc Cezmi Y\u0131ld\u0131rak ise, &#8220;Emekli eczac\u0131 Beyaz\u0131t Damar, babas\u0131n\u0131n k\u00f6y\u00fc olan Alem\u015fahl\u0131 \u0130lkokulu\u2019na s\u00fcrekli olarak \u00e7e\u015fitli desteklerde bulunuyor. Kendisine e\u011fitime olan katk\u0131lar\u0131ndan dolay\u0131 te\u015fekk\u00fcr ediyorum. Bu davran\u0131\u015f\u0131yla ger\u00e7ek bir e\u011fitim g\u00f6n\u00fcll\u00fcs\u00fc olarak \u00f6rnek te\u015fkil etmektedir.&#8221; ifadelerini kulland\u0131.<br \/><\/p>\n","protected":false},"excerpt":{"rendered":"<p>Sar\u0131g\u00f6l\u2019de emekli eczac\u0131 Beyaz\u0131t Damar, babas\u0131n\u0131n k\u00f6y\u00fc Alem\u015fahl\u0131\u2019daki ilkokula telsiz sistemli ses d\u00fczeni kazand\u0131rarak e\u011fitime deste\u011fini s\u00fcrd\u00fcrd\u00fc. Manisa\u2019n\u0131n Sar\u0131g\u00f6l il\u00e7esinde ya\u015fayan emekli eczac\u0131 Beyaz\u0131t Damar, babas\u0131n\u0131n k\u00f6y\u00fc olan Alem\u015fahl\u0131 Mahallesi \u0130lkokulu\u2019na telsiz sistemle ses d\u00fczeni kazand\u0131rarak okulun \u00f6nemli bir eksikli\u011fini giderdi. Daha \u00f6nce de ayn\u0131 okula ak\u0131ll\u0131 tahta, tek ki\u015filik s\u0131ra ve sandalye deste\u011finde bulunan&#8230;<\/p>\n","protected":false},"author":1,"featured_media":63661,"comment_status":"open","ping_status":"open","sticky":false,"template":"","format":"standard","meta":{"_crdt_document":"","footnotes":""},"categories":[1],"tags":[],"class_list":["post-63660","post","type-post","status-publish","format-standard","has-post-thumbnail","hentry","category-guncel"],"_links":{"self":[{"href":"https:\/\/www.egemtv.com\/index.php?rest_route=\/wp\/v2\/posts\/63660","targetHints":{"allow":["GET"]}}],"collection":[{"href":"https:\/\/www.egemtv.com\/index.php?rest_route=\/wp\/v2\/posts"}],"about":[{"href":"https:\/\/www.egemtv.com\/index.php?rest_route=\/wp\/v2\/types\/post"}],"author":[{"embeddable":true,"href":"https:\/\/www.egemtv.com\/index.php?rest_route=\/wp\/v2\/users\/1"}],"replies":[{"embeddable":true,"href":"https:\/\/www.egemtv.com\/index.php?rest_route=%2Fwp%2Fv2%2Fcomments&post=63660"}],"version-history":[{"count":1,"href":"https:\/\/www.egemtv.com\/index.php?rest_route=\/wp\/v2\/posts\/63660\/revisions"}],"predecessor-version":[{"id":63662,"href":"https:\/\/www.egemtv.com\/index.php?rest_route=\/wp\/v2\/posts\/63660\/revisions\/63662"}],"wp:featuredmedia":[{"embeddable":true,"href":"https:\/\/www.egemtv.com\/index.php?rest_route=\/wp\/v2\/media\/63661"}],"wp:attachment":[{"href":"https:\/\/www.egemtv.com\/index.php?rest_route=%2Fwp%2Fv2%2Fmedia&parent=63660"}],"wp:term":[{"taxonomy":"category","embeddable":true,"href":"https:\/\/www.egemtv.com\/index.php?rest_route=%2Fwp%2Fv2%2Fcategories&post=63660"},{"taxonomy":"post_tag","embeddable":true,"href":"https:\/\/www.egemtv.com\/index.php?rest_route=%2Fwp%2Fv2%2Ftags&post=63660"}],"curies":[{"name":"wp","href":"https:\/\/api.w.org\/{rel}","templated":true}]}}