{"id":63657,"date":"2025-10-24T21:42:06","date_gmt":"2025-10-24T18:42:06","guid":{"rendered":"https:\/\/www.egemtv.com\/?p=63657"},"modified":"2025-10-24T21:42:07","modified_gmt":"2025-10-24T18:42:07","slug":"kaymakam-yildizdan-ilk-ziyaret-milli-mucadele-kahramani-halil-efenin-mezarina","status":"publish","type":"post","link":"https:\/\/www.egemtv.com\/?p=63657","title":{"rendered":"Kaymakam Y\u0131ld\u0131z\u2019dan ilk ziyaret milli m\u00fccadele kahraman\u0131 Halil Efe\u2019nin mezar\u0131na"},"content":{"rendered":"<p>MAN\u0130SA (\u0130HA) \u2013 \u0130\u00e7i\u015fleri Bakanl\u0131\u011f\u0131n\u0131n 16 Ekim 2025 tarihli olurlar\u0131yla kura sonucu Selendi il\u00e7esine asaleten atamas\u0131 yap\u0131lan Kaymakam M\u00fccahit Enes Y\u0131ld\u0131z, g\u00f6reve ba\u015flamas\u0131n\u0131n ard\u0131ndan ilk ziyaretini Milli M\u00fccadele kahramanlar\u0131ndan Usturumcal\u0131 Halil Efe\u2019nin kabrine ger\u00e7ekle\u015ftirdi.<br \/>\n<br \/>Selendi Kaymakam\u0131 M\u00fccahit Enes Y\u0131ld\u0131z, 17 May\u0131s 1922 tarihinde Yunan kuvvetlerine kar\u015f\u0131 yap\u0131lan &#8220;Selendi-K\u0131n\u0131k Muharebesi&#8221;nde \u015fehit d\u00fc\u015fen Kuvay\u0131 Milliye Demirci Ak\u0131nc\u0131lar\u0131 12. M\u00fcfreze Komutan\u0131 Usturumcal\u0131 Halil Efe\u2019nin Yenice Mahallesi E\u015femenler Sokak\u2019ta bulunan mezar\u0131n\u0131 ziyaret ederek dua etti.<br \/>\n<br \/>Kaymakam Y\u0131ld\u0131z, ziyaretin ard\u0131ndan yapt\u0131\u011f\u0131 a\u00e7\u0131klamada, &#8220;Cesur ve g\u00f6z\u00fc pek bir vatansever olan Usturumcal\u0131 Halil Efe, Yunan i\u015fgaline kar\u015f\u0131 kahramanca sava\u015farak d\u00fc\u015fmana a\u011f\u0131r kay\u0131plar verdirmi\u015ftir. E\u015fi G\u00f6rdesli Makbule\u2019nin \u015fehadetinden iki ay sonra, 17 May\u0131s 1922\u2019de Selendi-K\u0131n\u0131k muharebesinde \u015fehit d\u00fc\u015fm\u00fc\u015ft\u00fcr. Mek\u00e2n\u0131 cennet olsun.&#8221; dedi.<br \/>\n<br \/>Kaymakam M\u00fccahit Enes Y\u0131ld\u0131z, daha sonra K\u0131br\u0131s Gazisi Mustafa Kahraman ile 22 Temmuz 2012\u2019de Hakkari\u2019nin Da\u011fl\u0131ca b\u00f6lgesinde g\u00f6rev d\u00f6n\u00fc\u015f\u00fc d\u00fc\u015fen helikopter kazas\u0131nda gazi olan Oktay Yuca\u2019y\u0131 evlerinde ziyaret ederek ge\u00e7mi\u015f olsun dileklerinde bulundu.<br \/><\/p>\n","protected":false},"excerpt":{"rendered":"<p>MAN\u0130SA (\u0130HA) \u2013 \u0130\u00e7i\u015fleri Bakanl\u0131\u011f\u0131n\u0131n 16 Ekim 2025 tarihli olurlar\u0131yla kura sonucu Selendi il\u00e7esine asaleten atamas\u0131 yap\u0131lan Kaymakam M\u00fccahit Enes Y\u0131ld\u0131z, g\u00f6reve ba\u015flamas\u0131n\u0131n ard\u0131ndan ilk ziyaretini Milli M\u00fccadele kahramanlar\u0131ndan Usturumcal\u0131 Halil Efe\u2019nin kabrine ger\u00e7ekle\u015ftirdi. Selendi Kaymakam\u0131 M\u00fccahit Enes Y\u0131ld\u0131z, 17 May\u0131s 1922 tarihinde Yunan kuvvetlerine kar\u015f\u0131 yap\u0131lan &#8220;Selendi-K\u0131n\u0131k Muharebesi&#8221;nde \u015fehit d\u00fc\u015fen Kuvay\u0131 Milliye Demirci Ak\u0131nc\u0131lar\u0131&#8230;<\/p>\n","protected":false},"author":1,"featured_media":63658,"comment_status":"open","ping_status":"open","sticky":false,"template":"","format":"standard","meta":{"_crdt_document":"","footnotes":""},"categories":[123],"tags":[],"class_list":["post-63657","post","type-post","status-publish","format-standard","has-post-thumbnail","hentry","category-gundem"],"_links":{"self":[{"href":"https:\/\/www.egemtv.com\/index.php?rest_route=\/wp\/v2\/posts\/63657","targetHints":{"allow":["GET"]}}],"collection":[{"href":"https:\/\/www.egemtv.com\/index.php?rest_route=\/wp\/v2\/posts"}],"about":[{"href":"https:\/\/www.egemtv.com\/index.php?rest_route=\/wp\/v2\/types\/post"}],"author":[{"embeddable":true,"href":"https:\/\/www.egemtv.com\/index.php?rest_route=\/wp\/v2\/users\/1"}],"replies":[{"embeddable":true,"href":"https:\/\/www.egemtv.com\/index.php?rest_route=%2Fwp%2Fv2%2Fcomments&post=63657"}],"version-history":[{"count":1,"href":"https:\/\/www.egemtv.com\/index.php?rest_route=\/wp\/v2\/posts\/63657\/revisions"}],"predecessor-version":[{"id":63659,"href":"https:\/\/www.egemtv.com\/index.php?rest_route=\/wp\/v2\/posts\/63657\/revisions\/63659"}],"wp:featuredmedia":[{"embeddable":true,"href":"https:\/\/www.egemtv.com\/index.php?rest_route=\/wp\/v2\/media\/63658"}],"wp:attachment":[{"href":"https:\/\/www.egemtv.com\/index.php?rest_route=%2Fwp%2Fv2%2Fmedia&parent=63657"}],"wp:term":[{"taxonomy":"category","embeddable":true,"href":"https:\/\/www.egemtv.com\/index.php?rest_route=%2Fwp%2Fv2%2Fcategories&post=63657"},{"taxonomy":"post_tag","embeddable":true,"href":"https:\/\/www.egemtv.com\/index.php?rest_route=%2Fwp%2Fv2%2Ftags&post=63657"}],"curies":[{"name":"wp","href":"https:\/\/api.w.org\/{rel}","templated":true}]}}