{"id":63654,"date":"2025-10-24T21:42:00","date_gmt":"2025-10-24T18:42:00","guid":{"rendered":"https:\/\/www.egemtv.com\/?p=63654"},"modified":"2025-10-24T21:42:04","modified_gmt":"2025-10-24T18:42:04","slug":"turgutluda-kacak-parfum-sevkiyati-polisin-dikkatiyle-engellendi","status":"publish","type":"post","link":"https:\/\/www.egemtv.com\/?p=63654","title":{"rendered":"Turgutlu\u2019da ka\u00e7ak parf\u00fcm sevkiyat\u0131 polisin dikkatiyle engellendi"},"content":{"rendered":"<p>Polis ekipleri, Turgutlu\u2019da bir ara\u00e7ta yapt\u0131\u011f\u0131 aramada 2 bin 710 adet g\u00fcmr\u00fck ka\u00e7a\u011f\u0131 parf\u00fcm ele ge\u00e7irdi. \u015e\u00fcpheli hakk\u0131nda adli i\u015flem ba\u015flat\u0131ld\u0131.<br \/>\n<br \/>Manisa \u0130l Emniyet M\u00fcd\u00fcrl\u00fc\u011f\u00fc Ka\u00e7ak\u00e7\u0131l\u0131k ve Organize Su\u00e7larla M\u00fccadele \u015eube M\u00fcd\u00fcrl\u00fc\u011f\u00fc ekipleri, emtia ka\u00e7ak\u00e7\u0131l\u0131\u011f\u0131n\u0131n \u00f6nlenmesine y\u00f6nelik Turgutlu il\u00e7esinde ger\u00e7ekle\u015ftirdi\u011fi operasyonda 2 bin 710 adet g\u00fcmr\u00fck ka\u00e7a\u011f\u0131 parf\u00fcm ele ge\u00e7irdi.<br \/>\n<br \/>Edinilen bilgiye g\u00f6re, ekipler M.P. (46) isimli \u015fahs\u0131n sevk ve idaresindeki arac\u0131 durdurarak arama yapt\u0131. Yap\u0131lan aramada 2 bin 710 adet \u00e7e\u015fitli markalarda g\u00fcmr\u00fck ka\u00e7a\u011f\u0131 parf\u00fcm ele ge\u00e7irildi.<br \/>\n<br \/>Olayla ilgili olarak \u015f\u00fcpheli M.P. hakk\u0131nda 5607 Say\u0131l\u0131 Ka\u00e7ak\u00e7\u0131l\u0131kla M\u00fccadele Kanunu kapsam\u0131nda adli i\u015flem ba\u015flat\u0131ld\u0131.<br \/><\/p>\n","protected":false},"excerpt":{"rendered":"<p>Polis ekipleri, Turgutlu\u2019da bir ara\u00e7ta yapt\u0131\u011f\u0131 aramada 2 bin 710 adet g\u00fcmr\u00fck ka\u00e7a\u011f\u0131 parf\u00fcm ele ge\u00e7irdi. \u015e\u00fcpheli hakk\u0131nda adli i\u015flem ba\u015flat\u0131ld\u0131. Manisa \u0130l Emniyet M\u00fcd\u00fcrl\u00fc\u011f\u00fc Ka\u00e7ak\u00e7\u0131l\u0131k ve Organize Su\u00e7larla M\u00fccadele \u015eube M\u00fcd\u00fcrl\u00fc\u011f\u00fc ekipleri, emtia ka\u00e7ak\u00e7\u0131l\u0131\u011f\u0131n\u0131n \u00f6nlenmesine y\u00f6nelik Turgutlu il\u00e7esinde ger\u00e7ekle\u015ftirdi\u011fi operasyonda 2 bin 710 adet g\u00fcmr\u00fck ka\u00e7a\u011f\u0131 parf\u00fcm ele ge\u00e7irdi. Edinilen bilgiye g\u00f6re, ekipler M.P&#8230;.<\/p>\n","protected":false},"author":1,"featured_media":63655,"comment_status":"open","ping_status":"open","sticky":false,"template":"","format":"standard","meta":{"_crdt_document":"","footnotes":""},"categories":[5],"tags":[],"class_list":["post-63654","post","type-post","status-publish","format-standard","has-post-thumbnail","hentry","category-asayis"],"_links":{"self":[{"href":"https:\/\/www.egemtv.com\/index.php?rest_route=\/wp\/v2\/posts\/63654","targetHints":{"allow":["GET"]}}],"collection":[{"href":"https:\/\/www.egemtv.com\/index.php?rest_route=\/wp\/v2\/posts"}],"about":[{"href":"https:\/\/www.egemtv.com\/index.php?rest_route=\/wp\/v2\/types\/post"}],"author":[{"embeddable":true,"href":"https:\/\/www.egemtv.com\/index.php?rest_route=\/wp\/v2\/users\/1"}],"replies":[{"embeddable":true,"href":"https:\/\/www.egemtv.com\/index.php?rest_route=%2Fwp%2Fv2%2Fcomments&post=63654"}],"version-history":[{"count":1,"href":"https:\/\/www.egemtv.com\/index.php?rest_route=\/wp\/v2\/posts\/63654\/revisions"}],"predecessor-version":[{"id":63656,"href":"https:\/\/www.egemtv.com\/index.php?rest_route=\/wp\/v2\/posts\/63654\/revisions\/63656"}],"wp:featuredmedia":[{"embeddable":true,"href":"https:\/\/www.egemtv.com\/index.php?rest_route=\/wp\/v2\/media\/63655"}],"wp:attachment":[{"href":"https:\/\/www.egemtv.com\/index.php?rest_route=%2Fwp%2Fv2%2Fmedia&parent=63654"}],"wp:term":[{"taxonomy":"category","embeddable":true,"href":"https:\/\/www.egemtv.com\/index.php?rest_route=%2Fwp%2Fv2%2Fcategories&post=63654"},{"taxonomy":"post_tag","embeddable":true,"href":"https:\/\/www.egemtv.com\/index.php?rest_route=%2Fwp%2Fv2%2Ftags&post=63654"}],"curies":[{"name":"wp","href":"https:\/\/api.w.org\/{rel}","templated":true}]}}