{"id":63651,"date":"2025-10-24T21:41:58","date_gmt":"2025-10-24T18:41:58","guid":{"rendered":"https:\/\/www.egemtv.com\/?p=63651"},"modified":"2025-10-24T21:41:59","modified_gmt":"2025-10-24T18:41:59","slug":"selendinin-yeni-kaymakami-goreve-basladi","status":"publish","type":"post","link":"https:\/\/www.egemtv.com\/?p=63651","title":{"rendered":"Selendi\u2019nin yeni kaymakam\u0131 g\u00f6reve ba\u015flad\u0131"},"content":{"rendered":"<p>\u0130\u00e7i\u015fleri Bakanl\u0131\u011f\u0131n\u0131n 16.10.2025 tarihli olurlar\u0131yla kura sonucu Selendi \u0130l\u00e7esine asaleten atamas\u0131 yap\u0131lan Kaymakam M\u00fccahit Enes Y\u0131ld\u0131z, il\u00e7eye gelerek g\u00f6revine ba\u015flad\u0131.<br \/>\n<br \/>Yakla\u015f\u0131k 6 ayd\u0131r vekaleten y\u00fcr\u00fct\u00fclen Selendi Kaymakaml\u0131\u011f\u0131na asaleten atamas\u0131 yap\u0131larak g\u00f6revine ba\u015flayan Selendi il\u00e7e Kaymakam\u0131 M\u00fccahit Enes Y\u0131ld\u0131z 1994 y\u0131l\u0131nda Rize\u2019de do\u011fdu. \u0130lk, orta ve lise e\u011fitimini Erzurum\u2019da tamamlayan Y\u0131ld\u0131z, y\u00fcksek \u00f6\u011frenimini 2014-2018 y\u0131llar\u0131 aras\u0131nda \u0130stanbul \u00dcniversitesi \u0130ktisat Fak\u00fcltesi Siyaset Bilimi ve Uluslaras\u0131 \u0130li\u015fkiler b\u00f6l\u00fcm\u00fcnde tamamlad\u0131. 2021 y\u0131l\u0131nda \u0130\u00e7i\u015fleri Bakanl\u0131\u011f\u0131 taraf\u0131ndan a\u00e7\u0131lan 110. D\u00f6nem Kaymakam Adayl\u0131\u011f\u0131 s\u0131nav\u0131n\u0131 kazanarak 28 Aral\u0131k 2021 tarihinde Erzurum Kaymakam Aday\u0131 olarak M\u00fclki \u0130dare Amirli\u011fi mesle\u011fine intisap eden Y\u0131ld\u0131z, il merkez staj\u0131n\u0131 Erzurum Valili\u011finde, Kaymakam Refikli\u011fi staj\u0131n\u0131 s\u0131ras\u0131yla Amasya\/Merzifon ve Bal\u0131kesir\/Burhaniye il\u00e7elerinde tamamlad\u0131. Ard\u0131ndan Denizli\/Kale il\u00e7esinde 21 ay Kaymakam vekilli\u011fi yapan Y\u0131ld\u0131z, sonras\u0131nda Ankara \u0130linde M\u00fclkiye M\u00fcfetti\u015fi refakatinde tefti\u015f staj\u0131n\u0131 tamamlad\u0131ktan sonra Yurtd\u0131\u015f\u0131 Staj\u0131 kapsam\u0131nda \u0130ngiltere\u2019nin Londra \u015fehrinde 8 ay s\u00fcreyle dil e\u011fitimi ald\u0131. Kaymakam Y\u0131ld\u0131z, \u0130\u00e7i\u015fleri Bakanl\u0131\u011f\u0131n\u0131n 16.10.2025 tarihli olurlar\u0131yla kura sonucu Selendi il\u00e7esine asaleten atanarak g\u00f6revine ba\u015flad\u0131.<br \/>\n<br \/>Kaymakam Y\u0131ld\u0131z, &#8220;Selendi asil olarak ilk g\u00f6rev yerim. Selendi il\u00e7emizde g\u00f6rev s\u00fcremizce neler yapabilir bunun bilincinde g\u00f6rev yapaca\u011f\u0131z. Mesai arkada\u015flar\u0131m\u0131z ve di\u011fer kurumlarla el birli\u011fi i\u00e7erisinde \u00e7al\u0131\u015fmalar yap\u0131p tar\u0131mdan hayvanc\u0131l\u0131\u011fa kadar bir \u00e7ok alanda Selendi il\u00e7emizin kalk\u0131nmas\u0131na yard\u0131mc\u0131 olmak i\u00e7in \u00e7al\u0131\u015faca\u011f\u0131z.&#8221; dedi.<br \/><\/p>\n","protected":false},"excerpt":{"rendered":"<p>\u0130\u00e7i\u015fleri Bakanl\u0131\u011f\u0131n\u0131n 16.10.2025 tarihli olurlar\u0131yla kura sonucu Selendi \u0130l\u00e7esine asaleten atamas\u0131 yap\u0131lan Kaymakam M\u00fccahit Enes Y\u0131ld\u0131z, il\u00e7eye gelerek g\u00f6revine ba\u015flad\u0131. Yakla\u015f\u0131k 6 ayd\u0131r vekaleten y\u00fcr\u00fct\u00fclen Selendi Kaymakaml\u0131\u011f\u0131na asaleten atamas\u0131 yap\u0131larak g\u00f6revine ba\u015flayan Selendi il\u00e7e Kaymakam\u0131 M\u00fccahit Enes Y\u0131ld\u0131z 1994 y\u0131l\u0131nda Rize\u2019de do\u011fdu. \u0130lk, orta ve lise e\u011fitimini Erzurum\u2019da tamamlayan Y\u0131ld\u0131z, y\u00fcksek \u00f6\u011frenimini 2014-2018 y\u0131llar\u0131 aras\u0131nda&#8230;<\/p>\n","protected":false},"author":1,"featured_media":63652,"comment_status":"open","ping_status":"open","sticky":false,"template":"","format":"standard","meta":{"_crdt_document":"","footnotes":""},"categories":[123],"tags":[],"class_list":["post-63651","post","type-post","status-publish","format-standard","has-post-thumbnail","hentry","category-gundem"],"_links":{"self":[{"href":"https:\/\/www.egemtv.com\/index.php?rest_route=\/wp\/v2\/posts\/63651","targetHints":{"allow":["GET"]}}],"collection":[{"href":"https:\/\/www.egemtv.com\/index.php?rest_route=\/wp\/v2\/posts"}],"about":[{"href":"https:\/\/www.egemtv.com\/index.php?rest_route=\/wp\/v2\/types\/post"}],"author":[{"embeddable":true,"href":"https:\/\/www.egemtv.com\/index.php?rest_route=\/wp\/v2\/users\/1"}],"replies":[{"embeddable":true,"href":"https:\/\/www.egemtv.com\/index.php?rest_route=%2Fwp%2Fv2%2Fcomments&post=63651"}],"version-history":[{"count":1,"href":"https:\/\/www.egemtv.com\/index.php?rest_route=\/wp\/v2\/posts\/63651\/revisions"}],"predecessor-version":[{"id":63653,"href":"https:\/\/www.egemtv.com\/index.php?rest_route=\/wp\/v2\/posts\/63651\/revisions\/63653"}],"wp:featuredmedia":[{"embeddable":true,"href":"https:\/\/www.egemtv.com\/index.php?rest_route=\/wp\/v2\/media\/63652"}],"wp:attachment":[{"href":"https:\/\/www.egemtv.com\/index.php?rest_route=%2Fwp%2Fv2%2Fmedia&parent=63651"}],"wp:term":[{"taxonomy":"category","embeddable":true,"href":"https:\/\/www.egemtv.com\/index.php?rest_route=%2Fwp%2Fv2%2Fcategories&post=63651"},{"taxonomy":"post_tag","embeddable":true,"href":"https:\/\/www.egemtv.com\/index.php?rest_route=%2Fwp%2Fv2%2Ftags&post=63651"}],"curies":[{"name":"wp","href":"https:\/\/api.w.org\/{rel}","templated":true}]}}